{"id":3087,"date":"2016-10-21T09:46:10","date_gmt":"2016-10-21T12:46:10","guid":{"rendered":"http:\/\/actualidadadiario.com\/site\/?p=3087"},"modified":"2016-10-21T09:46:10","modified_gmt":"2016-10-21T12:46:10","slug":"entre-rios-tendra-un-centro-de-educacion-vial-para-estudiantes","status":"publish","type":"post","link":"https:\/\/www.actualidadadiario.com\/index.php\/2016\/10\/21\/entre-rios-tendra-un-centro-de-educacion-vial-para-estudiantes\/","title":{"rendered":"Entre R\u00edos tendr\u00e1 un Centro de Educaci\u00f3n Vial para estudiantes"},"content":{"rendered":"<p><em><strong>Por iniciativa del Ministerio de Gobierno, a trav\u00e9s del Observatorio de Seguridad Vial Provincial, y en un trabajo integral con la Direcci\u00f3n de Seguridad Vial de la Polic\u00eda de Entre R\u00edos, la Direcci\u00f3n Provincial de Vialidad (DPV), el Instituto Aut\u00e1rquico Provincial del Seguro de Entre R\u00edos (Iapser) y el Consejo General de Educaci\u00f3n (CGE), se instalar\u00e1 un Centro de Educaci\u00f3n Vial en Oro Verde. La propuesta tiene como fin brindar un espacio de aprendizaje y capacitaci\u00f3n de todas las reglas de tr\u00e1nsito<\/strong><\/em><\/p>\n<p>&nbsp;<\/p>\n<p>&nbsp;<\/p>\n<p>&nbsp;<\/p>\n<p>&nbsp;<\/p>\n<p>\u201cEs una demanda de la sociedad que la provincia tenga en el mapa de sus pol\u00edticas p\u00fablicas, un abordaje integral en materia de seguridad vial. Es por eso que nuestro gobernador ha pedido que trabajemos firmemente en esta problem\u00e1tica, y en este sentido hemos decidido llevar adelante un Centro de Educaci\u00f3n Vial, que nos permita capacitar a los m\u00e1s j\u00f3venes, favoreciendo a la prevenci\u00f3n de la accidentolog\u00eda vial\u201d, explic\u00f3 el ministro de Gobierno, Mauro Urribarri.<\/p>\n<p>El proyecto del Centro de Educaci\u00f3n Vial, que se ubicar\u00e1 en Oro Verde, representa una inversi\u00f3n de casi 3 millones de pesos, que involucran un edificio equipado con material para capacitaci\u00f3n vial, y una pista que simular\u00e1 una ciudad, para realizar paseos y aprender las se\u00f1ales de tr\u00e1nsito.<\/p>\n<p>El intendente de Oro Verde, Jos\u00e9 Luis Dum\u00e9, se\u00f1al\u00f3 que para este proyecto, el municipio ofreci\u00f3 un terreno de 25 x 50 mts en las inmediaciones de la Direcci\u00f3n de Seguridad Vial, repartici\u00f3n que estar\u00e1 a cargo de la administraci\u00f3n y mantenimiento del complejo.<\/p>\n<p>\u201cEsta obra ser\u00e1 la primera en la provincia en cuanto a seguridad vial, que est\u00e9 en manos del Estado. La idea es que todas las escuelas puedan acercar a sus alumnos para que se capaciten respecto a lo que va a ser afrontar, el d\u00eda de ma\u00f1ana, el tr\u00e1nsito urbano y en ruta. Est\u00e1 pensado como una mini ciudad donde todos los chicos van a poder practicar y conocer las se\u00f1ales de tr\u00e1nsito\u201d, indic\u00f3 finalmente Dum\u00e9.<\/p>\n","protected":false},"excerpt":{"rendered":"<p>Por iniciativa del Ministerio de Gobierno, a trav\u00e9s del Observatorio de Seguridad Vial Provincial, y en un trabajo integral con la Direcci\u00f3n de Seguridad Vial de la Polic\u00eda de Entre R\u00edos, la Direcci\u00f3n Provincial de Vialidad (DPV), el Instituto Aut\u00e1rquico Provincial del Seguro de Entre R\u00edos (Iapser) y el Consejo General de Educaci\u00f3n (CGE), se instalar\u00e1 un Centro de Educaci\u00f3n Vial en Oro Verde. La propuesta tiene como fin brindar un espacio de aprendizaje y capacitaci\u00f3n de todas las reglas de tr\u00e1nsito &nbsp; &nbsp; &nbsp; &nbsp; \u201cEs una demanda de&#8230;<\/p>\n","protected":false},"author":3,"featured_media":3088,"comment_status":"closed","ping_status":"closed","sticky":false,"template":"","format":"standard","meta":[],"categories":[15],"tags":[],"_links":{"self":[{"href":"https:\/\/www.actualidadadiario.com\/index.php\/wp-json\/wp\/v2\/posts\/3087"}],"collection":[{"href":"https:\/\/www.actualidadadiario.com\/index.php\/wp-json\/wp\/v2\/posts"}],"about":[{"href":"https:\/\/www.actualidadadiario.com\/index.php\/wp-json\/wp\/v2\/types\/post"}],"author":[{"embeddable":true,"href":"https:\/\/www.actualidadadiario.com\/index.php\/wp-json\/wp\/v2\/users\/3"}],"replies":[{"embeddable":true,"href":"https:\/\/www.actualidadadiario.com\/index.php\/wp-json\/wp\/v2\/comments?post=3087"}],"version-history":[{"count":1,"href":"https:\/\/www.actualidadadiario.com\/index.php\/wp-json\/wp\/v2\/posts\/3087\/revisions"}],"predecessor-version":[{"id":3089,"href":"https:\/\/www.actualidadadiario.com\/index.php\/wp-json\/wp\/v2\/posts\/3087\/revisions\/3089"}],"wp:featuredmedia":[{"embeddable":true,"href":"https:\/\/www.actualidadadiario.com\/index.php\/wp-json\/wp\/v2\/media\/3088"}],"wp:attachment":[{"href":"https:\/\/www.actualidadadiario.com\/index.php\/wp-json\/wp\/v2\/media?parent=3087"}],"wp:term":[{"taxonomy":"category","embeddable":true,"href":"https:\/\/www.actualidadadiario.com\/index.php\/wp-json\/wp\/v2\/categories?post=3087"},{"taxonomy":"post_tag","embeddable":true,"href":"https:\/\/www.actualidadadiario.com\/index.php\/wp-json\/wp\/v2\/tags?post=3087"}],"curies":[{"name":"wp","href":"https:\/\/api.w.org\/{rel}","templated":true}]}}