{"id":3081,"date":"2016-10-21T09:44:31","date_gmt":"2016-10-21T12:44:31","guid":{"rendered":"http:\/\/actualidadadiario.com\/site\/?p=3081"},"modified":"2016-10-21T09:44:31","modified_gmt":"2016-10-21T12:44:31","slug":"la-provincia-incentiva-la-donacion-de-sangre-en-centros-de-atencion-primaria-de-la-salud","status":"publish","type":"post","link":"https:\/\/www.actualidadadiario.com\/index.php\/2016\/10\/21\/la-provincia-incentiva-la-donacion-de-sangre-en-centros-de-atencion-primaria-de-la-salud\/","title":{"rendered":"La provincia incentiva la donaci\u00f3n de sangre en centros de atenci\u00f3n primaria de la salud"},"content":{"rendered":"<p><em><strong>Bajo el lema Don\u00e1 sangre en tu barrio, la provincia a trav\u00e9s del Ministerio de Salud, inici\u00f3 esta semana el trabajo de promoci\u00f3n de la donaci\u00f3n voluntaria y habitual de sangre con una colecta externa en el Centro Regional de Referencia Dr. Arturo O\u00f1ativia (ex Corrales) de Paran\u00e1<\/strong><\/em><\/p>\n<p>&nbsp;<\/p>\n<p>&nbsp;<\/p>\n<p>&nbsp;<\/p>\n<p>&nbsp;<\/p>\n<p>&nbsp;<\/p>\n<p>&nbsp;<\/p>\n<p>&nbsp;<\/p>\n<p>El Ministerio de Salud a trav\u00e9s de las direcciones de Atenci\u00f3n M\u00e9dica, Primer Nivel de Atenci\u00f3n y el Programa Provincial de Hemoterapia realiz\u00f3 una colecta externa de sangre en el Centro Regional de Referencia Dr. Arturo O\u00f1ativia (ex Corrales). Bajo el lema Don\u00e1 sangre en tu barrio se acercaron el martes desde las 7.30 a la sala de Observaci\u00f3n una decena de personas. A este efector p\u00fablico, que atiende las demandas de otros centros de salud que pertenecen al \u00e1rea program\u00e1tica, asisten diariamente unas 800 personas.<\/p>\n<p>Los operativos se concretar\u00e1n cada 15 d\u00edas y, el pr\u00f3ximo, tendr\u00e1 lugar el martes 8 de noviembre.<\/p>\n<p>La responsable del Programa Provincial de Hemoterapia, Lucrecia Etcheverry, evalu\u00f3: \u201cLa actividad inicial ha sido m\u00e1s que positiva dado que permite un acercamiento del barrio y la comunidad a acciones donde se fomentan la sensibilizaci\u00f3n y concientizaci\u00f3n acerca de la donaci\u00f3n de sangre voluntaria y altruista\u201d. En este sentido, destac\u00f3: \u201cLas personas son solidarias y esta acci\u00f3n se ir\u00e1 multiplicando una vez instalada, cuando todos se vayan enterando que iremos los segundos martes de cada mes\u201d.<\/p>\n<p>En el marco de otras actividades del \u00e1rea cabe destacar que, como todos los mi\u00e9rcoles se realizaron extracciones en la posta fija del hospital Santa Rosa de Villaguay, como as\u00ed tambi\u00e9n en las postas fijas de Diamante, General Ram\u00edrez y Basavilbaso. Y el 28 de octubre se desarrollar\u00e1n, en el municipio de San Benito, los talleres de concientizaci\u00f3n.<\/p>\n<p>&nbsp;<\/p>\n<p>&nbsp;<\/p>\n<p><strong>Ayudar a tomar conciencia: donar sangre salva vidas<\/strong><\/p>\n<p>El director del Centro Regional de Referencia Dr. Arturo O\u00f1ativia, Nicol\u00e1s Rold\u00e1n, destac\u00f3 la importancia de que el centro de salud participe en las distintas rondas sanitarias que tiene el servicio de Hemoterapia del Hospital San Mart\u00edn. Asimismo indic\u00f3: \u201cEstas acciones buscan que la gente tome conciencia de la importancia de donar sangre, un insumo tan valioso para la salud de las personas\u201d. Concretamente, en Avenida Zanni 1.462, una vez al mes se desarrollar\u00e1n colectas externas teniendo en cuenta la potencialidad de que \u201cla comunidad se acerque al centro de salud como una instituci\u00f3n amiga del barrio y que pueda donar sangre voluntariamente.<\/p>\n<p>&nbsp;<\/p>\n<p>&nbsp;<\/p>\n<p><strong>Para tener en cuenta<\/strong><\/p>\n<p>Quien desee donar sangre debe: presentar su documento nacional de identidad (no c\u00e9dula, ni pasaporte), no ir en ayunas, beber mucho l\u00edquido, no beber l\u00e1cteos, sentirse bien de salud, tener entre 18 y 65 a\u00f1os, pesar 50 kilogramos o m\u00e1s. La \u00fanica forma de dar vida en vida es trav\u00e9s de la donaci\u00f3n de sangre.<\/p>\n","protected":false},"excerpt":{"rendered":"<p>Bajo el lema Don\u00e1 sangre en tu barrio, la provincia a trav\u00e9s del Ministerio de Salud, inici\u00f3 esta semana el trabajo de promoci\u00f3n de la donaci\u00f3n voluntaria y habitual de sangre con una colecta externa en el Centro Regional de Referencia Dr. Arturo O\u00f1ativia (ex Corrales) de Paran\u00e1 &nbsp; &nbsp; &nbsp; &nbsp; &nbsp; &nbsp; &nbsp; El Ministerio de Salud a trav\u00e9s de las direcciones de Atenci\u00f3n M\u00e9dica, Primer Nivel de Atenci\u00f3n y el Programa Provincial de Hemoterapia realiz\u00f3 una colecta externa de sangre en el Centro Regional de Referencia Dr&#8230;.<\/p>\n","protected":false},"author":3,"featured_media":3082,"comment_status":"closed","ping_status":"closed","sticky":false,"template":"","format":"standard","meta":[],"categories":[15],"tags":[],"_links":{"self":[{"href":"https:\/\/www.actualidadadiario.com\/index.php\/wp-json\/wp\/v2\/posts\/3081"}],"collection":[{"href":"https:\/\/www.actualidadadiario.com\/index.php\/wp-json\/wp\/v2\/posts"}],"about":[{"href":"https:\/\/www.actualidadadiario.com\/index.php\/wp-json\/wp\/v2\/types\/post"}],"author":[{"embeddable":true,"href":"https:\/\/www.actualidadadiario.com\/index.php\/wp-json\/wp\/v2\/users\/3"}],"replies":[{"embeddable":true,"href":"https:\/\/www.actualidadadiario.com\/index.php\/wp-json\/wp\/v2\/comments?post=3081"}],"version-history":[{"count":1,"href":"https:\/\/www.actualidadadiario.com\/index.php\/wp-json\/wp\/v2\/posts\/3081\/revisions"}],"predecessor-version":[{"id":3083,"href":"https:\/\/www.actualidadadiario.com\/index.php\/wp-json\/wp\/v2\/posts\/3081\/revisions\/3083"}],"wp:featuredmedia":[{"embeddable":true,"href":"https:\/\/www.actualidadadiario.com\/index.php\/wp-json\/wp\/v2\/media\/3082"}],"wp:attachment":[{"href":"https:\/\/www.actualidadadiario.com\/index.php\/wp-json\/wp\/v2\/media?parent=3081"}],"wp:term":[{"taxonomy":"category","embeddable":true,"href":"https:\/\/www.actualidadadiario.com\/index.php\/wp-json\/wp\/v2\/categories?post=3081"},{"taxonomy":"post_tag","embeddable":true,"href":"https:\/\/www.actualidadadiario.com\/index.php\/wp-json\/wp\/v2\/tags?post=3081"}],"curies":[{"name":"wp","href":"https:\/\/api.w.org\/{rel}","templated":true}]}}