{"id":3078,"date":"2016-10-21T09:42:54","date_gmt":"2016-10-21T12:42:54","guid":{"rendered":"http:\/\/actualidadadiario.com\/site\/?p=3078"},"modified":"2016-10-21T09:42:54","modified_gmt":"2016-10-21T12:42:54","slug":"articulan-acciones-de-trabajo-territorial-en-ninez-y-adolescencia","status":"publish","type":"post","link":"https:\/\/www.actualidadadiario.com\/index.php\/2016\/10\/21\/articulan-acciones-de-trabajo-territorial-en-ninez-y-adolescencia\/","title":{"rendered":"Articulan acciones de trabajo territorial en ni\u00f1ez y adolescencia"},"content":{"rendered":"<p><em><strong>En la l\u00ednea de la convocatoria del gobernador Gustavo Bordet, de promover pol\u00edticas articuladas en territorialidad, se realiz\u00f3 en Concordia un encuentro de trabajo entre los directores departamentales de escuelas de los 17 departamentos entrerrianos y los coordinadores del Consejo Provincial del Ni\u00f1o, el Adolescente y la Familia (Copnaf), con el objetivo de generar un espacio de reflexi\u00f3n y acci\u00f3n interinstitucional<\/strong><\/em><\/p>\n<p>&nbsp;<\/p>\n<p>&nbsp;<\/p>\n<p>&nbsp;<\/p>\n<p>&nbsp;<\/p>\n<p>Estuvieron presentes el presidente del Consejo General de Educaci\u00f3n (CGE), Jos\u00e9 Luis Panozzo; la titular del Copnaf, Marisa Paira; directores Departamentales y supervisores de todos los niveles y modalidades del CGE, del Servicio de Apoyo Interdisciplinario Educativo (SAIE) y Equipos de Orientaci\u00f3n Escolar (EOE. El encuentro se realiz\u00f3 este jueves en la sede de la Comisi\u00f3n Administradora del Fondo Especial de Salto Grande (Cafesg).<\/p>\n<p>Al respecto, el titular del CGE, Jos\u00e9 Luis Panozzo, explic\u00f3 que &#8220;estamos abordando en esta decisi\u00f3n que ha tomado el gobernador Gustavo Bordet estos encuentros territoriales que se dan en cada uno de los departamentos de la provincia donde trabajamos en el territorio, donde por supuesto est\u00e1n atravesados los diferentes estamentos del gobierno provincial en esta fuerte articulaci\u00f3n que estamos teniendo no solo para quedarnos con el diagn\u00f3stico y la preocupaci\u00f3n sino ocuparnos&#8221;.<\/p>\n<p>El funcionario precis\u00f3 que \u201clo que estamos abordando hoy es el tema ante ya la inminencia de la finalizaci\u00f3n del ciclo lectivo, la preocupaci\u00f3n por el \u00edndice de repitencia, esta discontinuidad en cuanto a los alumnos dentro de sus trayectorias escolares, chicos que no est\u00e1n dentro del sistema, que tenemos que incluirlos dentro de la educaci\u00f3n en cualquiera de sus niveles y modalidades y la verdad es que estamos trabajando muy c\u00f3modos con Salud, Gobierno, Seguridad y en este Caso puntualmente con el Copnaf y el Consejo general de Educaci\u00f3n, porque educaci\u00f3n atraviesa todas las \u00e1reas&#8221;.<\/p>\n<p>Por otra parte, dijo que \u201cen esta intensa jornada de trabajo, hoy en el departamento Concordia ocup\u00e1ndonos de temas muy importantes, que esta gesti\u00f3n de gobierno hoy pude dar cuenta de los resultados y de avances importantes que hay en materia de educaci\u00f3n en la provincia, sin desconocer todo lo que falta y para eso son estas reuniones, para seguir avanzando\u201d.<\/p>\n<p>El trabajo en territorialidad y en red, permite &#8220;sobre todo resguardando la integridad de la persona, y cuando hablamos de un ni\u00f1o que es un sujeto de derecho y que muchas veces es vulnerable y a veces la verdad es que uno lamenta mucho lo que circula por las redes sociales cuando detr\u00e1s de esto hay un menor&#8221;.<\/p>\n<p>En este sentido, \u201cnosotros estamos haciendo estas jornadas de socializaci\u00f3n y dando a conocer los protocolos para que cada uno se ocupe de lo suyo, el docente no tiene que hacerse cargo de todo, el coordinador del Copnaf tampoco, la polic\u00eda, o salud tampoco, lo que digo es que cada uno tiene un grado de responsabilidad junto con los defensores, los jueces de Familia, o quienes intervengan de la justicia, cada uno tiene que hacer lo suyo, pero de manera coordinada\u201d.<\/p>\n<p>Luego agreg\u00f3 que \u201ccuando llega un caso de un abuso de un menor, repercute directamente en la escuela y muchas veces el docente es el que detecta, y ante la desesperaci\u00f3n pasa por la polic\u00eda, hace la denuncia, va al hospital , al Copnaf, a Tribunales, cuando lo del docente se agota en la instancia de realizar donde corresponde la denuncia y despu\u00e9s cada uno de los actores tiene que hacerse cargo y que no se transforme en un expediente fr\u00edo de fojas de documentaci\u00f3n que es necesaria, sino de r\u00e1pida intervenci\u00f3n y resoluci\u00f3n de cada uno de los temas&#8221;.<\/p>\n<p>&#8220;De esto se tratan estas jornadas de trabajo, en una fuerte articulaci\u00f3n para optimizar el recurso humano y econ\u00f3mico que es muy bueno y valioso y sobre todo en una decisi\u00f3n del gobierno de la provincia de abordad esta problem\u00e1tica y esta tem\u00e1tica&#8221;, acot\u00f3.<\/p>\n<p>Dijo que &#8220;no nos quedamos en la an\u00e9cdota ni mucho menos en esta reuni\u00f3n sino que tenemos ma\u00f1ana la reuni\u00f3n de los equipos t\u00e9cnicos para en funci\u00f3n de esta problem\u00e1tica que hoy est\u00e1 siendo bien descripta que es parte de lo que ya conocemos y del diagn\u00f3stico, poder avanzar en la resoluci\u00f3n y si es necesario enmarcarlo en normativas lo hacemos y si es necesario dar intervenci\u00f3n a otros organismos que todav\u00eda no lo han hecho es para lo que estamos, tratar de encontrar las respuestas correspondientes&#8221;, dijo al finalizar.<\/p>\n<p>&nbsp;<\/p>\n<p>&nbsp;<\/p>\n<p><strong>Ajustando modalidades de intervenci\u00f3n<\/strong><\/p>\n<p>Por su parte, la presidenta del Copnaf, Marisa Paira, convoc\u00f3 a los coordinadores departamentales del organismo provincial \u201cpara seguir ajustando modalidades de intervenci\u00f3n e incumbencias en cada departamento, reforzando as\u00ed su figura\u201d.<\/p>\n<p>Paira indic\u00f3 que \u201clos temas tratados fueron problem\u00e1ticas de ni\u00f1ez y adolescencia en la provincia en relaci\u00f3n con el \u00e1mbito educativo\u201d.<\/p>\n","protected":false},"excerpt":{"rendered":"<p>En la l\u00ednea de la convocatoria del gobernador Gustavo Bordet, de promover pol\u00edticas articuladas en territorialidad, se realiz\u00f3 en Concordia un encuentro de trabajo entre los directores departamentales de escuelas de los 17 departamentos entrerrianos y los coordinadores del Consejo Provincial del Ni\u00f1o, el Adolescente y la Familia (Copnaf), con el objetivo de generar un espacio de reflexi\u00f3n y acci\u00f3n interinstitucional &nbsp; &nbsp; &nbsp; &nbsp; Estuvieron presentes el presidente del Consejo General de Educaci\u00f3n (CGE), Jos\u00e9 Luis Panozzo; la titular del Copnaf, Marisa Paira; directores Departamentales y supervisores de todos&#8230;<\/p>\n","protected":false},"author":3,"featured_media":3079,"comment_status":"closed","ping_status":"closed","sticky":false,"template":"","format":"standard","meta":[],"categories":[15],"tags":[],"_links":{"self":[{"href":"https:\/\/www.actualidadadiario.com\/index.php\/wp-json\/wp\/v2\/posts\/3078"}],"collection":[{"href":"https:\/\/www.actualidadadiario.com\/index.php\/wp-json\/wp\/v2\/posts"}],"about":[{"href":"https:\/\/www.actualidadadiario.com\/index.php\/wp-json\/wp\/v2\/types\/post"}],"author":[{"embeddable":true,"href":"https:\/\/www.actualidadadiario.com\/index.php\/wp-json\/wp\/v2\/users\/3"}],"replies":[{"embeddable":true,"href":"https:\/\/www.actualidadadiario.com\/index.php\/wp-json\/wp\/v2\/comments?post=3078"}],"version-history":[{"count":1,"href":"https:\/\/www.actualidadadiario.com\/index.php\/wp-json\/wp\/v2\/posts\/3078\/revisions"}],"predecessor-version":[{"id":3080,"href":"https:\/\/www.actualidadadiario.com\/index.php\/wp-json\/wp\/v2\/posts\/3078\/revisions\/3080"}],"wp:featuredmedia":[{"embeddable":true,"href":"https:\/\/www.actualidadadiario.com\/index.php\/wp-json\/wp\/v2\/media\/3079"}],"wp:attachment":[{"href":"https:\/\/www.actualidadadiario.com\/index.php\/wp-json\/wp\/v2\/media?parent=3078"}],"wp:term":[{"taxonomy":"category","embeddable":true,"href":"https:\/\/www.actualidadadiario.com\/index.php\/wp-json\/wp\/v2\/categories?post=3078"},{"taxonomy":"post_tag","embeddable":true,"href":"https:\/\/www.actualidadadiario.com\/index.php\/wp-json\/wp\/v2\/tags?post=3078"}],"curies":[{"name":"wp","href":"https:\/\/api.w.org\/{rel}","templated":true}]}}