{"id":3075,"date":"2016-10-21T09:42:03","date_gmt":"2016-10-21T12:42:03","guid":{"rendered":"http:\/\/actualidadadiario.com\/site\/?p=3075"},"modified":"2016-10-21T09:42:03","modified_gmt":"2016-10-21T12:42:03","slug":"bordet-ratifico-su-compromiso-con-los-docentes-y-la-escuela-publica","status":"publish","type":"post","link":"https:\/\/www.actualidadadiario.com\/index.php\/2016\/10\/21\/bordet-ratifico-su-compromiso-con-los-docentes-y-la-escuela-publica\/","title":{"rendered":"Bordet ratific\u00f3 su compromiso con los docentes y la escuela p\u00fablica"},"content":{"rendered":"<p><em><strong>\u201cNos preocupa defender la calidad educativa y a nuestra escuela p\u00fablica. Podemos tener diferencias, pero siempre encontraremos abierta la posibilidad de sentarnos a dialogar para llegar a los mismos objetivos de mejorar sustancialmente la calidad educativa. Es un compromiso que mantendremos en todos los a\u00f1os de gesti\u00f3n\u201d, expres\u00f3 el gobernador Gustavo Bordet al dejar inaugurado hoy en Ceibas el nuevo edificio de la escuela secundaria David Della Chiesa y Anexo Esja<\/strong><\/em><\/p>\n<p>&nbsp;<\/p>\n<p>&nbsp;<\/p>\n<p>&nbsp;<\/p>\n<p>&nbsp;<\/p>\n<p>&nbsp;<\/p>\n<p>Para esta localidad del sur entrerriano anunci\u00f3 la construcci\u00f3n de un jard\u00edn de infantes, adem\u00e1s de obras como la ruta para llegar a Villa Paranacito y la defensa de esa localidad, el puerto Ibicuy y la instalaci\u00f3n de un cajero autom\u00e1tico en Ceibas.<\/p>\n<p>Junto al gobernador estuvieron la intendenta Sabrina Olano, el ministro de Gobierno, Mauro Urribarri; los legisladores Daniel Olano, Jose Angel Allende y Carmen Toler, entre otras autoridades y funcionarios.<\/p>\n<p>&nbsp;<br \/>\nBordet celebr\u00f3 que \u201cse est\u00e9 inaugurando este edificio y felicito a todas aquellas personas que trabajaron para lograr este objetivo\u201d.<\/p>\n<p>Mencion\u00f3 que como gobernador las circunstancias le permiten inaugurar una gesti\u00f3n que inici\u00f3 el gobierno de Sergio Urribarri , \u201cpero tambi\u00e9n me toca la responsabilidad de seguir trabajando para que haya m\u00e1s establecimientos para inaugurar en el futuro porque no es que se termina una cosa y no se comienza otra. Al contrario, siempre queremos avanzar un poco m\u00e1s. Por eso, dentro del Programa de Jardines Infantes se construir\u00e1 al lado un jard\u00edn infantes complementario\u201d, anunci\u00f3.<\/p>\n<p>En ese marco, Bordet sostuvo: \u201cEn nuestra gesti\u00f3n la educaci\u00f3n es clave y central para el desarrollo, para el desarrollo humano y social. No sirve de nada una cantidad de obras si no somos capaces de desarrollar a las personas, de que todos puedan tener acceso a bienes esenciales como la salud, los alimentos y, ni hablar, de la educaci\u00f3n. Cuenten con esta gesti\u00f3n para poder llevar adelante distintos objetivos que son los mismos que tenemos\u201d, remarc\u00f3<\/p>\n<p>En otro orden, Bordet se comprometi\u00f3 \u201ccon Ceibas y todas las localidades del departamento Islas. Sabemos la forma de vida y las dificultades de vida de este departamento, y por ello nuestro compromiso de llegar con las obras necesarias de infraestructura para que este departamento no est\u00e9 postergado\u201d.<\/p>\n<p>Dijo que est\u00e1n previstas obras como \u201cterminar la ruta para llegar a Villa Paranacito, la defensa y las escuelas en Villa Paranacito, el puerto Ibicuy y el compromiso de que Ceibas cuente con un cajero autom\u00e1tico. Tambi\u00e9n se est\u00e1 trabajando en la ampliaci\u00f3n de la planta potabilizadora el pr\u00f3ximo a\u00f1o. Tenemos todo el entusiasmo y compromiso para hacerlo\u201d, subray\u00f3.<\/p>\n<p>&nbsp;<\/p>\n<p>&nbsp;<\/p>\n<p><strong>Esfuerzo<\/strong><\/p>\n<p>La directora de la escuela, Valeria \u00a8Saucedo, destac\u00f3 el esfuerzo de diversas personas para lograr contar con el edificio nuevo y detall\u00f3 una serie de hitos en la gesti\u00f3n. \u201cEste no mi momento ni el de una persona. Este momento es nuestro despu\u00e9s de mucho esfuerzos y gestiones\u201d, destac\u00f3 al mencionar \u201cel orgullo que genera haber logrado concretar este sue\u00f1o\u201d.<\/p>\n<p>&nbsp;<\/p>\n<p>&nbsp;<\/p>\n<p><strong>Promesa en realidad<\/strong><\/p>\n<p>En tanto, la presidente comunal, Sabrina Olano, manifest\u00f3: \u201cEs una gran alegr\u00eda para nosotros estar inaugurando nuestra escuela despu\u00e9s de muchos a\u00f1os y personas que pusieron su grano de arena. Todo ese esfuerzo tuvo sus frutos porque hubo un gobierno provincial que vio esa necesidad y transform\u00f3 esa promesa en realidad\u201d. En ese marco, \u201cy como ex alumna, les pido a todos que cuiden y mantengan este edificio porque este es el sue\u00f1o que muchos de nosotros anhelamos\u201d, concluy\u00f3.<\/p>\n<p>&nbsp;<\/p>\n<p>&nbsp;<\/p>\n<p><strong>La escuela<\/strong><\/p>\n<p>Al nuevo edificio al que asisten cerca de 300 chicos cuenta con 12 aulas, entre ellas laboratorio y sala de inform\u00e1tica, sala de recursos pedag\u00f3gicos, sector de gobierno, biblioteca y distintos grupos sanitarios. Tambi\u00e9n dispone de un sal\u00f3n de usos m\u00faltiples, con cocina y comedor integrado. Tiene 2000 metros cubiertos con dependencias varias, con patio interno de 600 metros cuadrados.<\/p>\n<p>La inversi\u00f3n es de aproximadamente 18 millones de pesos, y funcionar\u00e1 la escuela secundaria, la escuela nocturna, la extensi\u00f3n a\u00falica del Profesorado de Ense\u00f1anza Primaria y Especial y del Instituto de Formaci\u00f3n Docente Continuo.<\/p>\n","protected":false},"excerpt":{"rendered":"<p>\u201cNos preocupa defender la calidad educativa y a nuestra escuela p\u00fablica. Podemos tener diferencias, pero siempre encontraremos abierta la posibilidad de sentarnos a dialogar para llegar a los mismos objetivos de mejorar sustancialmente la calidad educativa. Es un compromiso que mantendremos en todos los a\u00f1os de gesti\u00f3n\u201d, expres\u00f3 el gobernador Gustavo Bordet al dejar inaugurado hoy en Ceibas el nuevo edificio de la escuela secundaria David Della Chiesa y Anexo Esja &nbsp; &nbsp; &nbsp; &nbsp; &nbsp; Para esta localidad del sur entrerriano anunci\u00f3 la construcci\u00f3n de un jard\u00edn de infantes,&#8230;<\/p>\n","protected":false},"author":3,"featured_media":3076,"comment_status":"closed","ping_status":"closed","sticky":false,"template":"","format":"standard","meta":[],"categories":[9],"tags":[],"_links":{"self":[{"href":"https:\/\/www.actualidadadiario.com\/index.php\/wp-json\/wp\/v2\/posts\/3075"}],"collection":[{"href":"https:\/\/www.actualidadadiario.com\/index.php\/wp-json\/wp\/v2\/posts"}],"about":[{"href":"https:\/\/www.actualidadadiario.com\/index.php\/wp-json\/wp\/v2\/types\/post"}],"author":[{"embeddable":true,"href":"https:\/\/www.actualidadadiario.com\/index.php\/wp-json\/wp\/v2\/users\/3"}],"replies":[{"embeddable":true,"href":"https:\/\/www.actualidadadiario.com\/index.php\/wp-json\/wp\/v2\/comments?post=3075"}],"version-history":[{"count":1,"href":"https:\/\/www.actualidadadiario.com\/index.php\/wp-json\/wp\/v2\/posts\/3075\/revisions"}],"predecessor-version":[{"id":3077,"href":"https:\/\/www.actualidadadiario.com\/index.php\/wp-json\/wp\/v2\/posts\/3075\/revisions\/3077"}],"wp:featuredmedia":[{"embeddable":true,"href":"https:\/\/www.actualidadadiario.com\/index.php\/wp-json\/wp\/v2\/media\/3076"}],"wp:attachment":[{"href":"https:\/\/www.actualidadadiario.com\/index.php\/wp-json\/wp\/v2\/media?parent=3075"}],"wp:term":[{"taxonomy":"category","embeddable":true,"href":"https:\/\/www.actualidadadiario.com\/index.php\/wp-json\/wp\/v2\/categories?post=3075"},{"taxonomy":"post_tag","embeddable":true,"href":"https:\/\/www.actualidadadiario.com\/index.php\/wp-json\/wp\/v2\/tags?post=3075"}],"curies":[{"name":"wp","href":"https:\/\/api.w.org\/{rel}","templated":true}]}}