{"id":3072,"date":"2016-10-21T09:41:16","date_gmt":"2016-10-21T12:41:16","guid":{"rendered":"http:\/\/actualidadadiario.com\/site\/?p=3072"},"modified":"2016-10-21T09:41:16","modified_gmt":"2016-10-21T12:41:16","slug":"a-pesar-del-tarifazo-el-gobierno-promete-cortes-de-luz-en-verano-y-mas-aumentos","status":"publish","type":"post","link":"https:\/\/www.actualidadadiario.com\/index.php\/2016\/10\/21\/a-pesar-del-tarifazo-el-gobierno-promete-cortes-de-luz-en-verano-y-mas-aumentos\/","title":{"rendered":"A pesar del tarifazo, el Gobierno promete cortes de luz en verano y m\u00e1s aumentos"},"content":{"rendered":"<p><em><strong>As\u00ed lo adelant\u00f3 el ministro de Energ\u00eda, quien descart\u00f3 nuevas subas en la tarifa el\u00e9ctrica para este a\u00f1o pero prometi\u00f3 que se producir\u00e1n en abril de 2017. Adem\u00e1s, no descart\u00f3 que se produzcan cortes de energ\u00eda durante el verano<\/strong><\/em><\/p>\n<p>&nbsp;<\/p>\n<p>&nbsp;<\/p>\n<p>&nbsp;<\/p>\n<p>&nbsp;<\/p>\n<p>Juan Jos\u00e9 Aranguren dijo que &#8220;no&#8221; habr\u00e1 nuevos aumentos de tarifas en lo que queda de este a\u00f1o, pero ya adelant\u00f3 que &#8220;los pr\u00f3ximos aumentos de luz y gas se aplicar\u00e1n a partir del 1 de abril de 2017&#8221;.<\/p>\n<p>&nbsp;<\/p>\n<p>Pero, en declaraciones a la prensa formuladas en Casa Rosada, el ministro de Energ\u00eda no se qued\u00f3 ah\u00ed: adelant\u00f3 que habr\u00e1 aumentos &#8220;dos veces por a\u00f1o&#8221; con los precios que &#8220;surgir\u00e1n de las audiencias p\u00fablicas de distribuci\u00f3n&#8221; convocadas para &#8220;el 28 de octubre, el 25 de noviembre y mediados de diciembre&#8221;, precis\u00f3.<\/p>\n<p>&nbsp;<\/p>\n<p>Adem\u00e1s abri\u00f3 el paraguas al tras ratificar que contin\u00faa la &#8220;emergencia el\u00e9ctrica&#8221; que &#8220;va a seguir &#8220;hasta el verano 2017-2018, por lo cual no descart\u00f3 que se produzcan cortes de luz durante el pr\u00f3ximo verano. &#8220;El objetivo es ir atendiendo a un menor nivel de cortes&#8221;, se\u00f1al\u00f3.<\/p>\n<p>&nbsp;<\/p>\n<p>&#8220;A principios de esta semana tuvimos una primer reuni\u00f3n de un comit\u00e9 de crisis para ir atendiendo la posible emergencia en el \u00e1mbito del conurbano bonaerense&#8221; que, seg\u00fan admiti\u00f3 el ministro, &#8220;es donde podemos tener todav\u00eda fallas en el sistema de distribuci\u00f3n&#8221;.<\/p>\n","protected":false},"excerpt":{"rendered":"<p>As\u00ed lo adelant\u00f3 el ministro de Energ\u00eda, quien descart\u00f3 nuevas subas en la tarifa el\u00e9ctrica para este a\u00f1o pero prometi\u00f3 que se producir\u00e1n en abril de 2017. Adem\u00e1s, no descart\u00f3 que se produzcan cortes de energ\u00eda durante el verano &nbsp; &nbsp; &nbsp; &nbsp; Juan Jos\u00e9 Aranguren dijo que &#8220;no&#8221; habr\u00e1 nuevos aumentos de tarifas en lo que queda de este a\u00f1o, pero ya adelant\u00f3 que &#8220;los pr\u00f3ximos aumentos de luz y gas se aplicar\u00e1n a partir del 1 de abril de 2017&#8221;. &nbsp; Pero, en declaraciones a la prensa formuladas&#8230;<\/p>\n","protected":false},"author":3,"featured_media":3073,"comment_status":"closed","ping_status":"closed","sticky":false,"template":"","format":"standard","meta":[],"categories":[2],"tags":[],"_links":{"self":[{"href":"https:\/\/www.actualidadadiario.com\/index.php\/wp-json\/wp\/v2\/posts\/3072"}],"collection":[{"href":"https:\/\/www.actualidadadiario.com\/index.php\/wp-json\/wp\/v2\/posts"}],"about":[{"href":"https:\/\/www.actualidadadiario.com\/index.php\/wp-json\/wp\/v2\/types\/post"}],"author":[{"embeddable":true,"href":"https:\/\/www.actualidadadiario.com\/index.php\/wp-json\/wp\/v2\/users\/3"}],"replies":[{"embeddable":true,"href":"https:\/\/www.actualidadadiario.com\/index.php\/wp-json\/wp\/v2\/comments?post=3072"}],"version-history":[{"count":1,"href":"https:\/\/www.actualidadadiario.com\/index.php\/wp-json\/wp\/v2\/posts\/3072\/revisions"}],"predecessor-version":[{"id":3074,"href":"https:\/\/www.actualidadadiario.com\/index.php\/wp-json\/wp\/v2\/posts\/3072\/revisions\/3074"}],"wp:featuredmedia":[{"embeddable":true,"href":"https:\/\/www.actualidadadiario.com\/index.php\/wp-json\/wp\/v2\/media\/3073"}],"wp:attachment":[{"href":"https:\/\/www.actualidadadiario.com\/index.php\/wp-json\/wp\/v2\/media?parent=3072"}],"wp:term":[{"taxonomy":"category","embeddable":true,"href":"https:\/\/www.actualidadadiario.com\/index.php\/wp-json\/wp\/v2\/categories?post=3072"},{"taxonomy":"post_tag","embeddable":true,"href":"https:\/\/www.actualidadadiario.com\/index.php\/wp-json\/wp\/v2\/tags?post=3072"}],"curies":[{"name":"wp","href":"https:\/\/api.w.org\/{rel}","templated":true}]}}