{"id":3069,"date":"2016-10-21T09:40:36","date_gmt":"2016-10-21T12:40:36","guid":{"rendered":"http:\/\/actualidadadiario.com\/site\/?p=3069"},"modified":"2016-10-21T09:40:36","modified_gmt":"2016-10-21T12:40:36","slug":"la-esposa-de-majul-confeso-haber-sido-tesorera-de-suma-y-expuso-a-michetti","status":"publish","type":"post","link":"https:\/\/www.actualidadadiario.com\/index.php\/2016\/10\/21\/la-esposa-de-majul-confeso-haber-sido-tesorera-de-suma-y-expuso-a-michetti\/","title":{"rendered":"La esposa de Majul confes\u00f3 haber sido tesorera de SUMA y expuso a Michetti"},"content":{"rendered":"<p><em><strong>Mar\u00eda Conte Grand, la mujer del periodista, declar\u00f3 como ex funcionaria de la Fundaci\u00f3n SUMA y termin\u00f3 exponiendo a\u00fan m\u00e1s a la vicepresidenta<\/strong><\/em><\/p>\n<p>&nbsp;<\/p>\n<p>&nbsp;<\/p>\n<p>&nbsp;<\/p>\n<p>La esposa del periodista de Am\u00e9rica Luis Majul declar\u00f3 en la causa que investiga el origen de los fondos que le robaron a Gabriela Michetti y termin\u00f3 complicando la situaci\u00f3n judicial de la vice y de su pol\u00e9mica Fundaci\u00f3n.<\/p>\n<p>&nbsp;<\/p>\n<p>Mar\u00eda Conte Grand se present\u00f3 ante el Juzgado de Ariel Lijo el pasado 13 de octubre, y en su declaraci\u00f3n testimonial-que hab\u00eda sido solicitada por la propia defensa de Michetti- afirm\u00f3 haber trabajado junto a la vicepresidenta desde 2007 hasta hace febrero de 2016 &#8220;en los diversos lugares por donde ella fue teniendo sus obligaciones&#8221;.<\/p>\n<p>&nbsp;<\/p>\n<p>&#8220;El v\u00ednculo con Gabriela se origina en 1997 que nos conocimos por nuestros maridos, el de ella Eduardo Cura en ese momento y Luis Majul que hasta la fecha sigue siendo el m\u00edo&#8221;, explic\u00f3 sobre los comienzos de su relaci\u00f3n con Michetti y su posterior v\u00ednculo laboral en el Senado, donde percib\u00eda un sueldo categor\u00eda 2.<\/p>\n<p>&nbsp;<\/p>\n<p>Tras ello, Conte Grand admiti\u00f3 haber ocupado el cargo de tesorera en la Fundaci\u00f3n SUMA que preside la vice hasta el a\u00f1o &#8220;2013 o 2014&#8221; aunque tambi\u00e9n afirm\u00f3 que &#8220;nunca&#8221; ejerci\u00f3 &#8220;efectivamente&#8221; ese cargo, pese a que la Fundaci\u00f3n comenz\u00f3 a funcionar en el a\u00f1o 2008: &#8220;Respecto de mis Funciones, hubiese tenido las funciones de Tesorera pero nunca lo ejerc\u00ed efectivamente ese cargo m\u00e1s que para firmar esos balances en cero que demostraban que no se hab\u00eda efectivamente trabajado en la Fundaci\u00f3n&#8221;, explic\u00f3.<\/p>\n<p>&nbsp;<\/p>\n<p>Al ser consultada sobre por la persona que deb\u00eda entregar los balances de SUMA ante la Inspecci\u00f3n General de Justicia (IGJ), la ex tesorera de la organizaci\u00f3n afirm\u00f3: &#8220;No recuerdo qui\u00e9n deb\u00eda presentar los estados contables ante la IGJ ni si se presentaron. Yo en ese momento ten\u00eda bastante trabajo con Gabi como para estar en esos detalles&#8221;.<\/p>\n<p>&nbsp;<\/p>\n<p>Adem\u00e1s, Conte Grand admiti\u00f3 haber realizado donaciones para SUMA en 2014 y 2015 en tres oportunidad: dos de ella a trav\u00e9s de la p\u00e1gina web de la Fundaci\u00f3n y la \u00faltima, al igual que en todos los casos que declararon hasta ahora en el Juzgado, en efectivo: &#8220;El aporte que hice fue de diez mil pesos en efectivo, se los entregu\u00e9 a un compa\u00f1ero de trabajo que era el que se encargaba de juntarlo&#8221;, detall\u00f3 Conte Grand.<\/p>\n<p>&nbsp;<\/p>\n<p>En este sentido, y al igual que en el resto de los casos, la esposa de Majul tambi\u00e9n admiti\u00f3 que desde la Fundaci\u00f3n no le entregaron recibo alguno por su generoso aporte: &#8220;Me dijeron que el recibo me lo iban a entregar despu\u00e9s de la gala pero eso no sucedi\u00f3 por el robo en la casa de Gabriela; esto es, porque nunca ingres\u00f3 efectivamente ese dinero a la Fundaci\u00f3n SUMA&#8221;, concluy\u00f3.<\/p>\n<p>&nbsp;<\/p>\n<p>Por \u00faltimo, Conte Grand tambi\u00e9n confes\u00f3 haber participado en la organizaci\u00f3n de la ya pol\u00e9mica gala de fin de a\u00f1o de la fundaci\u00f3n de Michetti, aunque al ser consultada por las contrataciones, la forma de pago y los comprobantes de las operaciones manifest\u00f3 que se trata de un evento &#8220;muy complejo&#8221; y que &#8220;son muchos los proveedores que se contratan&#8221;, por lo que concluy\u00f3: &#8220;No tengo mayores precisiones de las contrataciones que se hicieron pero s\u00e9 que son muchas&#8221;.<\/p>\n","protected":false},"excerpt":{"rendered":"<p>Mar\u00eda Conte Grand, la mujer del periodista, declar\u00f3 como ex funcionaria de la Fundaci\u00f3n SUMA y termin\u00f3 exponiendo a\u00fan m\u00e1s a la vicepresidenta &nbsp; &nbsp; &nbsp; La esposa del periodista de Am\u00e9rica Luis Majul declar\u00f3 en la causa que investiga el origen de los fondos que le robaron a Gabriela Michetti y termin\u00f3 complicando la situaci\u00f3n judicial de la vice y de su pol\u00e9mica Fundaci\u00f3n. &nbsp; Mar\u00eda Conte Grand se present\u00f3 ante el Juzgado de Ariel Lijo el pasado 13 de octubre, y en su declaraci\u00f3n testimonial-que hab\u00eda sido solicitada&#8230;<\/p>\n","protected":false},"author":3,"featured_media":3070,"comment_status":"closed","ping_status":"closed","sticky":false,"template":"","format":"standard","meta":[],"categories":[18],"tags":[],"_links":{"self":[{"href":"https:\/\/www.actualidadadiario.com\/index.php\/wp-json\/wp\/v2\/posts\/3069"}],"collection":[{"href":"https:\/\/www.actualidadadiario.com\/index.php\/wp-json\/wp\/v2\/posts"}],"about":[{"href":"https:\/\/www.actualidadadiario.com\/index.php\/wp-json\/wp\/v2\/types\/post"}],"author":[{"embeddable":true,"href":"https:\/\/www.actualidadadiario.com\/index.php\/wp-json\/wp\/v2\/users\/3"}],"replies":[{"embeddable":true,"href":"https:\/\/www.actualidadadiario.com\/index.php\/wp-json\/wp\/v2\/comments?post=3069"}],"version-history":[{"count":1,"href":"https:\/\/www.actualidadadiario.com\/index.php\/wp-json\/wp\/v2\/posts\/3069\/revisions"}],"predecessor-version":[{"id":3071,"href":"https:\/\/www.actualidadadiario.com\/index.php\/wp-json\/wp\/v2\/posts\/3069\/revisions\/3071"}],"wp:featuredmedia":[{"embeddable":true,"href":"https:\/\/www.actualidadadiario.com\/index.php\/wp-json\/wp\/v2\/media\/3070"}],"wp:attachment":[{"href":"https:\/\/www.actualidadadiario.com\/index.php\/wp-json\/wp\/v2\/media?parent=3069"}],"wp:term":[{"taxonomy":"category","embeddable":true,"href":"https:\/\/www.actualidadadiario.com\/index.php\/wp-json\/wp\/v2\/categories?post=3069"},{"taxonomy":"post_tag","embeddable":true,"href":"https:\/\/www.actualidadadiario.com\/index.php\/wp-json\/wp\/v2\/tags?post=3069"}],"curies":[{"name":"wp","href":"https:\/\/api.w.org\/{rel}","templated":true}]}}