{"id":3066,"date":"2016-10-21T09:39:29","date_gmt":"2016-10-21T12:39:29","guid":{"rendered":"http:\/\/actualidadadiario.com\/site\/?p=3066"},"modified":"2016-10-21T09:39:29","modified_gmt":"2016-10-21T12:39:29","slug":"reemplazaron-el-paseo-de-zamba-en-el-museo-malvinas-por-un-salon-de-usos-multiples","status":"publish","type":"post","link":"https:\/\/www.actualidadadiario.com\/index.php\/2016\/10\/21\/reemplazaron-el-paseo-de-zamba-en-el-museo-malvinas-por-un-salon-de-usos-multiples\/","title":{"rendered":"Reemplazaron el paseo de Zamba en el Museo Malvinas por un sal\u00f3n de usos m\u00faltiples"},"content":{"rendered":"<p><em><strong>En medio de una serie de modificaciones que atraviesa el Museo, las nuevas autoridades decidieron sacar la exposici\u00f3n del personaje de Paka-Paka y convertir el espacio en una sala para que los visitantes coman y beban<\/strong><\/em><\/p>\n<p>&nbsp;<\/p>\n<p>&nbsp;<\/p>\n<p>&nbsp;<\/p>\n<p>El Museo Malvinas atraviesa momentos de cambio, mejor dicho, de lavada de cara. Una sala destinada a los chicos y chicas que iban al complejo, ubicado en el Espacio Memoria y derechos Humanos, para aprender sobre lo que ocurri\u00f3 en las Islas Malvinas, fue transformado en una sala de descanso.<\/p>\n<p>&nbsp;<\/p>\n<p>&#8220;La asombrosa excursi\u00f3n de Zama en las Islas Malvinas&#8221;, se llamaba la sala que ahora ser\u00e1 un Sal\u00f3n de Usos M\u00faltiples (SUM), seg\u00fan se averigu\u00f3. Las personas que vayan al Museo Malvinas podr\u00e1n descansar ah\u00ed, tomar y comer algo para luego seguir la excursi\u00f3n.<\/p>\n<p>&nbsp;<\/p>\n<p>De esta forma, el Ministerio de Cultura, que dirige Pablo Avelluto, busca maquillar un \u00e1rea para que pase desapercibida y vaciarla de contenido hist\u00f3rico e ideol\u00f3gico.<\/p>\n","protected":false},"excerpt":{"rendered":"<p>En medio de una serie de modificaciones que atraviesa el Museo, las nuevas autoridades decidieron sacar la exposici\u00f3n del personaje de Paka-Paka y convertir el espacio en una sala para que los visitantes coman y beban &nbsp; &nbsp; &nbsp; El Museo Malvinas atraviesa momentos de cambio, mejor dicho, de lavada de cara. Una sala destinada a los chicos y chicas que iban al complejo, ubicado en el Espacio Memoria y derechos Humanos, para aprender sobre lo que ocurri\u00f3 en las Islas Malvinas, fue transformado en una sala de descanso. &nbsp;&#8230;<\/p>\n","protected":false},"author":3,"featured_media":3067,"comment_status":"closed","ping_status":"closed","sticky":false,"template":"","format":"standard","meta":[],"categories":[18],"tags":[],"_links":{"self":[{"href":"https:\/\/www.actualidadadiario.com\/index.php\/wp-json\/wp\/v2\/posts\/3066"}],"collection":[{"href":"https:\/\/www.actualidadadiario.com\/index.php\/wp-json\/wp\/v2\/posts"}],"about":[{"href":"https:\/\/www.actualidadadiario.com\/index.php\/wp-json\/wp\/v2\/types\/post"}],"author":[{"embeddable":true,"href":"https:\/\/www.actualidadadiario.com\/index.php\/wp-json\/wp\/v2\/users\/3"}],"replies":[{"embeddable":true,"href":"https:\/\/www.actualidadadiario.com\/index.php\/wp-json\/wp\/v2\/comments?post=3066"}],"version-history":[{"count":1,"href":"https:\/\/www.actualidadadiario.com\/index.php\/wp-json\/wp\/v2\/posts\/3066\/revisions"}],"predecessor-version":[{"id":3068,"href":"https:\/\/www.actualidadadiario.com\/index.php\/wp-json\/wp\/v2\/posts\/3066\/revisions\/3068"}],"wp:featuredmedia":[{"embeddable":true,"href":"https:\/\/www.actualidadadiario.com\/index.php\/wp-json\/wp\/v2\/media\/3067"}],"wp:attachment":[{"href":"https:\/\/www.actualidadadiario.com\/index.php\/wp-json\/wp\/v2\/media?parent=3066"}],"wp:term":[{"taxonomy":"category","embeddable":true,"href":"https:\/\/www.actualidadadiario.com\/index.php\/wp-json\/wp\/v2\/categories?post=3066"},{"taxonomy":"post_tag","embeddable":true,"href":"https:\/\/www.actualidadadiario.com\/index.php\/wp-json\/wp\/v2\/tags?post=3066"}],"curies":[{"name":"wp","href":"https:\/\/api.w.org\/{rel}","templated":true}]}}