{"id":3060,"date":"2016-10-21T09:37:56","date_gmt":"2016-10-21T12:37:56","guid":{"rendered":"http:\/\/actualidadadiario.com\/site\/?p=3060"},"modified":"2016-10-21T09:37:56","modified_gmt":"2016-10-21T12:37:56","slug":"tras-el-acuerdo-miserable-de-la-cgt-las-dos-cta-lanzaron-jornada-nacional-de-lucha","status":"publish","type":"post","link":"https:\/\/www.actualidadadiario.com\/index.php\/2016\/10\/21\/tras-el-acuerdo-miserable-de-la-cgt-las-dos-cta-lanzaron-jornada-nacional-de-lucha\/","title":{"rendered":"Tras el &#8220;acuerdo miserable&#8221; de la CGT, las dos CTA lanzaron jornada nacional de lucha"},"content":{"rendered":"<p><em><strong>Las CTA y organizaciones sociales anunciaron una &#8220;jornada nacional de lucha&#8221; para el 4 de noviembre, luego de que sus principales referentes calificaran &#8220;acuerdo miserable&#8221; al del Gobierno y las CGT, del cual sali\u00f3 un bono no obligatorio<\/strong><\/em><\/p>\n<p>&nbsp;<\/p>\n<p>&nbsp;<\/p>\n<p>&nbsp;<\/p>\n<p>Tras una reuni\u00f3n que se llev\u00f3 a cabo este jueves en el hotel Bauen, donde estuvieron Hugo Yasky y Pablo Micheli junto a referentes de Barrios de Pie, la Corriente Clasista y Combativa y la Confederaci\u00f3n de Trabajadores de la Econom\u00eda Popular (CTEP), se anunci\u00f3 una &#8220;jornada nacional de lucha&#8221; para el 4 de noviembre pr\u00f3ximo.<\/p>\n<p>&nbsp;<\/p>\n<p>Los titulares de la CTA de los Trabajadores y de la CTA Aut\u00f3noma anunciaron que las caracter\u00edsticas y modalidad de esa jornada ser\u00e1n definidas el pr\u00f3ximo martes, durante un nuevo encuentro de las corrientes que integran esas centrales sindicales.<\/p>\n<p>&nbsp;<\/p>\n<p>Yasky se\u00f1al\u00f3 que &#8220;estamos en contra del acuerdo miserable establecido entre la CGT y el gobierno&#8221; y calific\u00f3 como &#8220;dosis homeop\u00e1ticas&#8221; el bono de fin de a\u00f1o para los trabajadores. &#8220;Exigimos reapertura de las paritarias y el cese de los despidos&#8221;, a\u00f1adi\u00f3.<\/p>\n<p>&nbsp;<\/p>\n<p>Micheli, por su parte, sostuvo que &#8220;hay sobrados motivos para una medida de fuerza y un paro nacional, porque la CGT termin\u00f3 arreglando por un bono que no est\u00e1 claro a qui\u00e9n se le va a pagar, ya que algunas pymes dicen que no pueden pagarlo y el Estado no define si va a pagarlo a todos los empleados p\u00fablicos&#8221;.<\/p>\n<p>&nbsp;<\/p>\n<p>&#8220;Tampoco hay un compromiso del gobierno para parar los despidos y las suspensiones, que es un tema grav\u00edsimo&#8221;, agreg\u00f3. Yasky, a su vez, insisti\u00f3 con la reapertura de las paritarias y exhort\u00f3 a &#8220;un compromiso del gobierno para que no haya ni un solo despido m\u00e1s&#8221;.<\/p>\n","protected":false},"excerpt":{"rendered":"<p>Las CTA y organizaciones sociales anunciaron una &#8220;jornada nacional de lucha&#8221; para el 4 de noviembre, luego de que sus principales referentes calificaran &#8220;acuerdo miserable&#8221; al del Gobierno y las CGT, del cual sali\u00f3 un bono no obligatorio &nbsp; &nbsp; &nbsp; Tras una reuni\u00f3n que se llev\u00f3 a cabo este jueves en el hotel Bauen, donde estuvieron Hugo Yasky y Pablo Micheli junto a referentes de Barrios de Pie, la Corriente Clasista y Combativa y la Confederaci\u00f3n de Trabajadores de la Econom\u00eda Popular (CTEP), se anunci\u00f3 una &#8220;jornada nacional de&#8230;<\/p>\n","protected":false},"author":3,"featured_media":3061,"comment_status":"closed","ping_status":"closed","sticky":false,"template":"","format":"standard","meta":[],"categories":[9],"tags":[],"_links":{"self":[{"href":"https:\/\/www.actualidadadiario.com\/index.php\/wp-json\/wp\/v2\/posts\/3060"}],"collection":[{"href":"https:\/\/www.actualidadadiario.com\/index.php\/wp-json\/wp\/v2\/posts"}],"about":[{"href":"https:\/\/www.actualidadadiario.com\/index.php\/wp-json\/wp\/v2\/types\/post"}],"author":[{"embeddable":true,"href":"https:\/\/www.actualidadadiario.com\/index.php\/wp-json\/wp\/v2\/users\/3"}],"replies":[{"embeddable":true,"href":"https:\/\/www.actualidadadiario.com\/index.php\/wp-json\/wp\/v2\/comments?post=3060"}],"version-history":[{"count":1,"href":"https:\/\/www.actualidadadiario.com\/index.php\/wp-json\/wp\/v2\/posts\/3060\/revisions"}],"predecessor-version":[{"id":3062,"href":"https:\/\/www.actualidadadiario.com\/index.php\/wp-json\/wp\/v2\/posts\/3060\/revisions\/3062"}],"wp:featuredmedia":[{"embeddable":true,"href":"https:\/\/www.actualidadadiario.com\/index.php\/wp-json\/wp\/v2\/media\/3061"}],"wp:attachment":[{"href":"https:\/\/www.actualidadadiario.com\/index.php\/wp-json\/wp\/v2\/media?parent=3060"}],"wp:term":[{"taxonomy":"category","embeddable":true,"href":"https:\/\/www.actualidadadiario.com\/index.php\/wp-json\/wp\/v2\/categories?post=3060"},{"taxonomy":"post_tag","embeddable":true,"href":"https:\/\/www.actualidadadiario.com\/index.php\/wp-json\/wp\/v2\/tags?post=3060"}],"curies":[{"name":"wp","href":"https:\/\/api.w.org\/{rel}","templated":true}]}}