{"id":306,"date":"2016-08-25T09:05:38","date_gmt":"2016-08-25T12:05:38","guid":{"rendered":"http:\/\/actualidadadiario.com\/site\/?p=306"},"modified":"2016-08-25T09:05:38","modified_gmt":"2016-08-25T12:05:38","slug":"bordet-y-urtubey-coincidieron-en-la-necesidad-de-una-reforma-electoral","status":"publish","type":"post","link":"https:\/\/www.actualidadadiario.com\/index.php\/2016\/08\/25\/bordet-y-urtubey-coincidieron-en-la-necesidad-de-una-reforma-electoral\/","title":{"rendered":"Bordet y Urtubey coincidieron en la necesidad de una reforma electoral"},"content":{"rendered":"<p><em><strong>El gobernador Gustavo Bordet recibi\u00f3 este mi\u00e9rcoles en la Casa Gris a su par salte\u00f1o, Juan Manuel Urtubey, con quien coincidi\u00f3 en la necesidad de instrumentar una reforma electoral a nivel nacional, que incluya el voto electr\u00f3nico, y de salir de la l\u00f3gica de la confrontaci\u00f3n como mecanismo de construcci\u00f3n pol\u00edtica<\/strong><\/em><\/p>\n<p>&nbsp;<\/p>\n<p>&nbsp;<\/p>\n<p>En una conferencia de prensa ofrecida en el Sal\u00f3n de las Mujeres Entrerrianas de Casa de Gobierno, el mandatario salte\u00f1o destac\u00f3 lo ventajoso que result\u00f3 en su provincia la instrumentaci\u00f3n del voto electr\u00f3nico. \u201cTuvimos una muy buena experiencia que nos permiti\u00f3 en una provincia con complejidades sociales, culturales, geogr\u00e1ficas y dem\u00e1s romper el mito que innovar en materia de sistemas electorales es imposible en la Argentina. Todo lo contrario\u201d, indic\u00f3.<\/p>\n<p>Adem\u00e1s, sostuvo: \u201cEs un dato de la realidad que a nivel del Congreso Nacional se est\u00e1 debatiendo una ley que pretende impulsar el sistema para toda la Argentina. Yo estoy trabajando incansablemente para avanzar en eso porque creo que en Argentina hay que romper con la intermediaci\u00f3n de todo un sistema pol\u00edtico que lo \u00fanico que hace es alejar al representante de sus representados, Hay que ser m\u00e1s transparente y creo que los grandes partidos como el nuestro, el Partido Justicialista, no puede ganar una elecci\u00f3n porque tiene m\u00e1s aparato pol\u00edtico que otro. Tiene que ganar porque est\u00e1 m\u00e1s cerca de la gente y la \u00fanica forma de hacerlo es igualar condiciones para todos\u201d.<\/p>\n<p>Al respecto, Bordet comparti\u00f3 lo dicho por Urtubey y expres\u00f3: \u201ctenemos que alinearnos hacia una reforma pol\u00edtica de manera decidida. No podemos repetir la experiencia de las \u00faltimas elecciones donde en las primarias se demoraban entre 3 y 5 minutos por cada voto, donde hab\u00eda cerca de 70 boletas y donde quien resulta electo en definitiva queda deslegitimado porque no representa cabalmente lo que el elector decidi\u00f3 votar\u201d.<\/p>\n<p>\u201cEn este sentido hay que mejorar la calidad democr\u00e1tica e institucional en nuestra provincia y en el pa\u00eds. Nosotros estamos acompa\u00f1ando una reforma pol\u00edtica y consideramos que el voto electr\u00f3nico es una herramienta muy importante para transparentar los procesos electorales y ganar en calidad democr\u00e1tica\u201d, enfatiz\u00f3.<\/p>\n<p>&nbsp;<\/p>\n<p>&nbsp;<br \/>\n<strong>Mirada com\u00fan<\/strong><\/p>\n<p>Por otra parte, Urtubey hizo menci\u00f3n al \u201cenorme afecto que siento hacia mi colega gobernador y todo el enorme trabajo que est\u00e1n haciendo en la provincia\u201d. Adem\u00e1s afirm\u00f3: \u201cTenemos una mirada com\u00fan, la necesidad de salir de la l\u00f3gica de la confrontaci\u00f3n como mecanismo de construcci\u00f3n pol\u00edtica. Lo que queremos es que a la Argentina le vaya bien porque a los argentinos les tiene que ir bien y en ese marco, despu\u00e9s vendr\u00e1n las ideas de construcciones pol\u00edticas. En lo personal y estando a nueve meses de que asumi\u00f3 el nuevo gobierno y faltando gran parte de la gesti\u00f3n y con los problemas que hay, el acento hay que ponerlo en eso. La \u00fanica diferencia que estoy viendo en los diferentes sectores de la pol\u00edtica y en nuestro propio partido es que muchos pensamos que, m\u00e1s all\u00e1 de las diferencias tenemos que ayudar todo lo que podamos para que le vaya bien. Otros tienen una mirada distinta. Si eso despu\u00e9s se traduce en construcciones pol\u00edticas y dem\u00e1s, a mi juicio hoy, es ciencia ficci\u00f3n para dentro de un tiempo. Para m\u00ed lo importante es contribuir a que nos vaya bien a todos\u201d.<\/p>\n<p>El gobernador de Salta sostuvo que \u201cal Peronismo lo debe conducir la gente. En t\u00e9rminos nacionales, venimos de la peor derrota electoral de nuestra historia, no porque hayamos perdido por m\u00e1s o menos votos, sino porque el peronismo fue desplazado del poder de gran parte de las administraciones provinciales\u201d. Y a\u00f1adi\u00f3: \u201cEntre R\u00edos y Salta, junto con Tucum\u00e1n somos los distritos m\u00e1s grandes en donde ha ganado nuestro partido. Para nosotros est\u00e1 bueno pero tambi\u00e9n demuestra que en los principales distritos de la provincia nos hemos quedado sin conducci\u00f3n. Eso hay que arreglarlo de abajo para arriba. Y probablemente tengamos una conducci\u00f3n en el a\u00f1o 2019, cuando algunos de los nuestros puedan plantear una alternativa superadora. En el mientras tanto lo que tenemos que hacer es recrearlo de abajo para arriba. No hay una conducci\u00f3n de arriba para abajo hoy en nuestro espacio\u201d.<\/p>\n<p>Afirm\u00f3 que de lo que se trata es de \u201crevalidar t\u00edtulos, de la necesidad de que nosotros podamos cumplir con nuestra funci\u00f3n y tarea, que es lo m\u00e1s importante. La discusi\u00f3n de la pol\u00edtica es interesante pero nosotros tenemos la responsabilidad de gobierno, tenemos que gestionar. Y uno revalida su t\u00edtulo en la sociedad gestionando bien. Eso tenemos que hacer cada una de las provincias argentinas. No hay que tener miedo a que las cosas vengan de abajo para arriba. Nos ha ido mal cuando la cosa se conducen de arriba para abajo\u201d.<\/p>\n<p>El mandatario salte\u00f1o fue consultado por las elecciones legislativas del a\u00f1o pr\u00f3ximo y la influencia que los resultados tendr\u00e1n sobre la conducci\u00f3n nacional. Al respecto expres\u00f3: \u201cLa elecci\u00f3n es nacional pero lo que se eligen son representantes de las provincias, de los pueblos de la provincias. Por lo cual no se puede totalizar una conducci\u00f3n nacional. En Entre R\u00edos la gente seguramente si bien va a evaluar la pol\u00edtica nacional, van a votar pensando en la de ac\u00e1, lo van a hacer tambi\u00e9n en Salta, en La Pampa, en provincia de Buenos Aires en la ciudad de Buenos Aires. Desde el interior nosotros nos quejamos mucho del centralismo, y muchas veces nuestro an\u00e1lisis tambi\u00e9n somos centralistas, porque evaluamos la clave de la elecci\u00f3n de buenos aires como la elecci\u00f3n nacional. No. Es una elecci\u00f3n de los bonaerenses o de los porte\u00f1os, que van a resolver entre ellos. Nosotros en cada una de nuestras provincias vamos a resolver por nosotros\u201d.<\/p>\n<p>Bordet, en tanto, coincidi\u00f3 con su par de Salta y afirm\u00f3: \u201cTenemos un denominador com\u00fan de pertenencia en el partido justicialista en el momento que nos toca ser oposici\u00f3n donde lo planteamos de una manera seria, responsable y garantizando que el gobierno nacional pueda llevar adelante su prop\u00f3sito, pero tambi\u00e9n marcando los errores y nuestras cr\u00edticas cuando consideramos que las cosas est\u00e1n mal&#8221;.<\/p>\n<p>&#8220;Creo que es un ejercicio que los peronistas debemos realizar para poder llevar adelante nuestras gestiones y tener esta convivencia cuando nos toca ser oposici\u00f3n. Es uno de los primero desaf\u00edos que se nos presenta, entendiendo como lo manifest\u00f3 Juan Manuel que es necesario articular pol\u00edtica p\u00fablicas entre el gobierno nacional, la provincia y los municipios porque si al gobierno nacional le va mal, le ir\u00e1 mal a la gente, y nosotros gobernamos justamente para que haya bienestar para nuestro pueblo y nuestra gente&#8221;, sostuvo el gobernador de Entre R\u00edos.<\/p>\n<p>Tambi\u00e9n agreg\u00f3: &#8220;Dentro del justicialismo hay una etapa superada que ha concluido este 10 de diciembre, y hay una etapa nueva que se abre y se necesita reinsertar, recuperar muchos dirigentes que, por distintos motivos, se fueron yendo. El peronismo siempre fue un movimiento de inclusi\u00f3n, no de exclusi\u00f3n, que fue un poco lo que nos fuimos convirtiendo en los \u00faltimos tiempos. Hay que recuperar dirigentes muy valiosos que hoy no est\u00e1n, pero compartimos y tenemos una visi\u00f3n muy parecida de un proyecto nacional&#8221;.<\/p>\n<p>Al respecto, Urtubey acot\u00f3: \u201cCoincido plenamente con lo que dec\u00eda Gustavo, yo creo que el principal tema y si queremos buscar divisorias de aguas que es lo que habitualmente preguntan porque es lo que en definitiva llama la atenci\u00f3n. Creo que todos tenemos una mirada com\u00fan, hay problemas, y hay problemas serios y los escuchamos, y los vivimos y vemos que hay sectores que se ven seriamente afectados porque la Argentina pas\u00f3 de una especie de realismo m\u00e1gico a una ortodoxia absoluta sin escalas. No hubo un proceso de amortiguaci\u00f3n. Eso gener\u00f3 un impacto fuerte. Entonces nosotros, lo que tenemos que hacer es dise\u00f1ar desde la pol\u00edtica elementos que permitan acompa\u00f1ar a la gente para que la gente pueda estar un poco mejor para que no le peguen tanto estas situaciones y en ese sentido coincido 100 por ciento con mi colega: hay que abrir las puertas, no hay que ser excluyentes y hay que trabajar sin prejuicios\u201d.<\/p>\n","protected":false},"excerpt":{"rendered":"<p>El gobernador Gustavo Bordet recibi\u00f3 este mi\u00e9rcoles en la Casa Gris a su par salte\u00f1o, Juan Manuel Urtubey, con quien coincidi\u00f3 en la necesidad de instrumentar una reforma electoral a nivel nacional, que incluya el voto electr\u00f3nico, y de salir de la l\u00f3gica de la confrontaci\u00f3n como mecanismo de construcci\u00f3n pol\u00edtica &nbsp; &nbsp; En una conferencia de prensa ofrecida en el Sal\u00f3n de las Mujeres Entrerrianas de Casa de Gobierno, el mandatario salte\u00f1o destac\u00f3 lo ventajoso que result\u00f3 en su provincia la instrumentaci\u00f3n del voto electr\u00f3nico. \u201cTuvimos una muy buena&#8230;<\/p>\n","protected":false},"author":3,"featured_media":307,"comment_status":"closed","ping_status":"open","sticky":false,"template":"","format":"standard","meta":[],"categories":[9],"tags":[],"_links":{"self":[{"href":"https:\/\/www.actualidadadiario.com\/index.php\/wp-json\/wp\/v2\/posts\/306"}],"collection":[{"href":"https:\/\/www.actualidadadiario.com\/index.php\/wp-json\/wp\/v2\/posts"}],"about":[{"href":"https:\/\/www.actualidadadiario.com\/index.php\/wp-json\/wp\/v2\/types\/post"}],"author":[{"embeddable":true,"href":"https:\/\/www.actualidadadiario.com\/index.php\/wp-json\/wp\/v2\/users\/3"}],"replies":[{"embeddable":true,"href":"https:\/\/www.actualidadadiario.com\/index.php\/wp-json\/wp\/v2\/comments?post=306"}],"version-history":[{"count":1,"href":"https:\/\/www.actualidadadiario.com\/index.php\/wp-json\/wp\/v2\/posts\/306\/revisions"}],"predecessor-version":[{"id":308,"href":"https:\/\/www.actualidadadiario.com\/index.php\/wp-json\/wp\/v2\/posts\/306\/revisions\/308"}],"wp:featuredmedia":[{"embeddable":true,"href":"https:\/\/www.actualidadadiario.com\/index.php\/wp-json\/wp\/v2\/media\/307"}],"wp:attachment":[{"href":"https:\/\/www.actualidadadiario.com\/index.php\/wp-json\/wp\/v2\/media?parent=306"}],"wp:term":[{"taxonomy":"category","embeddable":true,"href":"https:\/\/www.actualidadadiario.com\/index.php\/wp-json\/wp\/v2\/categories?post=306"},{"taxonomy":"post_tag","embeddable":true,"href":"https:\/\/www.actualidadadiario.com\/index.php\/wp-json\/wp\/v2\/tags?post=306"}],"curies":[{"name":"wp","href":"https:\/\/api.w.org\/{rel}","templated":true}]}}