{"id":3054,"date":"2016-10-21T09:36:16","date_gmt":"2016-10-21T12:36:16","guid":{"rendered":"http:\/\/actualidadadiario.com\/site\/?p=3054"},"modified":"2016-10-21T09:36:16","modified_gmt":"2016-10-21T12:36:16","slug":"bono-de-fin-de-ano-mas-sectores-dicen-que-no-pagaran","status":"publish","type":"post","link":"https:\/\/www.actualidadadiario.com\/index.php\/2016\/10\/21\/bono-de-fin-de-ano-mas-sectores-dicen-que-no-pagaran\/","title":{"rendered":"Bono de fin de a\u00f1o: m\u00e1s sectores dicen que no pagar\u00e1n"},"content":{"rendered":"<p><em><strong>Peque\u00f1as y medianas empresas alertan por los problemas que sufre el sector a ra\u00edz de la brusca ca\u00edda de las ventas y la apertura de las importaciones que autoriz\u00f3 Macri<\/strong><\/em><\/p>\n<p>&nbsp;<\/p>\n<p>&nbsp;<\/p>\n<p>&nbsp;<\/p>\n<p>El presidente de la Fundaci\u00f3n Pro Tejer, Jorge Sorabilla, adelant\u00f3 este jueves que el sector textil pyme &#8220;no&#8221; podr\u00e1 otorgar un bono de fin de a\u00f1o para los trabajadores del rubro porque &#8220;el nivel de actividad cay\u00f3 un 25 por ciento debido a que baj\u00f3 el poder adquisitivo de la gente&#8221; y adem\u00e1s varios art\u00edculos fueron &#8220;sustituidos por importaciones&#8221;.<\/p>\n<p>&nbsp;<\/p>\n<p>El empresario destac\u00f3 en declaraciones a Radio Nacional que &#8220;la industria no est\u00e1 pasando por un buen momento&#8221; y que en particular, en el sector textil, existe &#8220;entre un 45 y 60 por ciento ocioso, gente que no est\u00e1 trabajando. Y para nosotros, en este momento, es fundamental mantener primero su fuente de trabajo&#8221;.<\/p>\n<p>&nbsp;<\/p>\n<p>De esta forma, el representante del sector se sum\u00f3 a la negativa ya adelantada por otras c\u00e1maras, entre las que se cuentan la CAME y Apyme, en el marco de las negociaciones que ayer encabezaron autoridades nacionales junto a representantes de la CGT en la mesa del Di\u00e1logo para el Trabajo y la Producci\u00f3n, donde el otorgamiento de una suma extraordinaria con un piso de 2.000 pesos qued\u00f3 supeditada a las negociaciones de cada actividad, sector por sector.<\/p>\n<p>&nbsp;<\/p>\n<p>&#8220;Imponer a la pyme un bono, por m\u00e1s que creemos justo recomponer el salario, es injusto, porque se trata de una carga adicional que no puede pagar&#8221;, resalt\u00f3 Sorabilla sobre el final de la entrevista, en la que asegur\u00f3 que &#8220;dar un bono no se justifica con la realidad que tenemos&#8221;.<\/p>\n","protected":false},"excerpt":{"rendered":"<p>Peque\u00f1as y medianas empresas alertan por los problemas que sufre el sector a ra\u00edz de la brusca ca\u00edda de las ventas y la apertura de las importaciones que autoriz\u00f3 Macri &nbsp; &nbsp; &nbsp; El presidente de la Fundaci\u00f3n Pro Tejer, Jorge Sorabilla, adelant\u00f3 este jueves que el sector textil pyme &#8220;no&#8221; podr\u00e1 otorgar un bono de fin de a\u00f1o para los trabajadores del rubro porque &#8220;el nivel de actividad cay\u00f3 un 25 por ciento debido a que baj\u00f3 el poder adquisitivo de la gente&#8221; y adem\u00e1s varios art\u00edculos fueron &#8220;sustituidos&#8230;<\/p>\n","protected":false},"author":3,"featured_media":3055,"comment_status":"closed","ping_status":"closed","sticky":false,"template":"","format":"standard","meta":[],"categories":[18],"tags":[],"_links":{"self":[{"href":"https:\/\/www.actualidadadiario.com\/index.php\/wp-json\/wp\/v2\/posts\/3054"}],"collection":[{"href":"https:\/\/www.actualidadadiario.com\/index.php\/wp-json\/wp\/v2\/posts"}],"about":[{"href":"https:\/\/www.actualidadadiario.com\/index.php\/wp-json\/wp\/v2\/types\/post"}],"author":[{"embeddable":true,"href":"https:\/\/www.actualidadadiario.com\/index.php\/wp-json\/wp\/v2\/users\/3"}],"replies":[{"embeddable":true,"href":"https:\/\/www.actualidadadiario.com\/index.php\/wp-json\/wp\/v2\/comments?post=3054"}],"version-history":[{"count":1,"href":"https:\/\/www.actualidadadiario.com\/index.php\/wp-json\/wp\/v2\/posts\/3054\/revisions"}],"predecessor-version":[{"id":3056,"href":"https:\/\/www.actualidadadiario.com\/index.php\/wp-json\/wp\/v2\/posts\/3054\/revisions\/3056"}],"wp:featuredmedia":[{"embeddable":true,"href":"https:\/\/www.actualidadadiario.com\/index.php\/wp-json\/wp\/v2\/media\/3055"}],"wp:attachment":[{"href":"https:\/\/www.actualidadadiario.com\/index.php\/wp-json\/wp\/v2\/media?parent=3054"}],"wp:term":[{"taxonomy":"category","embeddable":true,"href":"https:\/\/www.actualidadadiario.com\/index.php\/wp-json\/wp\/v2\/categories?post=3054"},{"taxonomy":"post_tag","embeddable":true,"href":"https:\/\/www.actualidadadiario.com\/index.php\/wp-json\/wp\/v2\/tags?post=3054"}],"curies":[{"name":"wp","href":"https:\/\/api.w.org\/{rel}","templated":true}]}}