{"id":3048,"date":"2016-10-21T09:34:35","date_gmt":"2016-10-21T12:34:35","guid":{"rendered":"http:\/\/actualidadadiario.com\/site\/?p=3048"},"modified":"2016-10-21T09:34:35","modified_gmt":"2016-10-21T12:34:35","slug":"macri-a-empresarios-ustedes-tienen-que-ser-los-primeros-en-romperse-el-traste","status":"publish","type":"post","link":"https:\/\/www.actualidadadiario.com\/index.php\/2016\/10\/21\/macri-a-empresarios-ustedes-tienen-que-ser-los-primeros-en-romperse-el-traste\/","title":{"rendered":"Macri a empresarios: &#8220;Ustedes tienen que ser los primeros en romperse el traste&#8221;"},"content":{"rendered":"<p><em><strong>El Presidente habl\u00f3 ante mil ejecutivos en el Consejo Interamericano de Comercio y Producci\u00f3n en el Alvear y pidi\u00f3 &#8220;dejar los miedos de lado&#8221; y aumentar la competitividad<\/strong><\/em><\/p>\n<p>&nbsp;<\/p>\n<p>&nbsp;<\/p>\n<p>&nbsp;<\/p>\n<p>&nbsp;<\/p>\n<p>El presidente Mauricio Macri inst\u00f3 a empresarios a &#8220;dejar los miedos&#8221; de lado y &#8220;romperse el traste&#8221; para mejorar la productividad de la econom\u00eda, al considerar que ese esfuerzo generar\u00e1 empleos y ayudar\u00e1 a quienes &#8220;la est\u00e1n pasando mal&#8221;.<\/p>\n<p>&nbsp;<\/p>\n<p>&#8220;Ustedes tienen que dar el ejemplo, tienen que ser los primeros en plantear una agenda superadora. Llam\u00e9moslo competitividad, productividad o romperse el traste, como lo quieran decir. Este pa\u00eds crece en el trabajo de cada uno&#8221;, dijo el mandatario.<\/p>\n<p>&nbsp;<\/p>\n<p>El jefe de Estado se expres\u00f3 as\u00ed ante unos mil empresarios en el Consejo Interamericano de Comercio y Producci\u00f3n (CICyP), en el hotel Alvear, donde tambi\u00e9n hizo un repaso de las medidas implementadas por su gesti\u00f3n para &#8220;generar confianza&#8221;.<\/p>\n<p>&nbsp;<\/p>\n<p>Macri dijo que &#8220;valora&#8221; la constituci\u00f3n de la mesa para el Di\u00e1logo Social para la Productividad y el Empleo que conforman su Gobierno, las principales c\u00e1maras empresariales y los sindicatos que integran la CGT. &#8220;Valoro que nos volvamos a reunir noviembre y una vez por mes para que cada uno -Gobierno, trabajadores y empresas- ponga sobre la mesa los compromisos que cada uno va a asumir para producir m\u00e1s porque eso va generar m\u00e1s empleo&#8221;, sostuvo.<\/p>\n<p>&nbsp;<\/p>\n<p>Euf\u00f3rico, Macri inst\u00f3 a los hombres de negocios a &#8220;dejar los miedos&#8221;, invertir, aumentar la productividad y salir a buscar clientes en el exterior para hacer crecer las exportaciones de productos manufacturados. &#8220;No hay tiempo para miedos, para mezquindad, porque uno de cada tres argentinos la est\u00e1 pasando mal. Necesitamos crecer y r\u00e1pido. Por suerte ya vamos a empezar a crecer, tal vez en el \u00faltimo trimestre y seguro el a\u00f1o que viene. Pero tenemos que crecer todos los a\u00f1os durante muchos a\u00f1os&#8221;, expres\u00f3.<\/p>\n<p>&nbsp;<\/p>\n<p>Macri propuso una &#8220;nueva&#8221; relaci\u00f3n entre el Estado y los inversores, para que ellos tengan en claro cu\u00e1les son las reglas y que se cumplan, que realmente haya igualdad ante la ley y que no haya competencia desleal. Por ello, aclar\u00f3 que el proceso que propone la administraci\u00f3n Cambiemos no es una modificaci\u00f3n del plan econ\u00f3mico sino un &#8220;profundo cambio cultural&#8221;, con una reforma en el sistema educativo.<\/p>\n<p>&nbsp;<\/p>\n<p>Ante el auditorio, el presidente consider\u00f3 &#8220;importante&#8221; que tanto los funcionarios p\u00fablicos como los empresarios y los trabajadores &#8220;entiendan&#8221; que esto no es una tarea de un presidente, de un gobierno, sino de cada argentino. &#8220;Esto es una tarea especialmente de ustedes, con su capacidad de liderazgo y la educaci\u00f3n que tuvieron la suerte de recibir&#8221;, afirm\u00f3 Macri, por lo que solicit\u00f3 a los hombres de negocios que sean &#8220;protagonistas&#8221; y no se queden con &#8220;actitud especulador, viendo qu\u00e9 va a pasar&#8221;.<\/p>\n<p>&nbsp;<\/p>\n<p>Seg\u00fan dijo el Presidente, el mundo est\u00e1 apostando por la Argentina porque cree que es el pa\u00eds con mayor potencialidad de crecimiento en los cinco continentes y &#8220;el mundo tiene raz\u00f3n, aunque sabe que depende s\u00f3lo de nuestra claridad, capacidad y de demostrar que aprendido de nuestros errores&#8221;.<\/p>\n","protected":false},"excerpt":{"rendered":"<p>El Presidente habl\u00f3 ante mil ejecutivos en el Consejo Interamericano de Comercio y Producci\u00f3n en el Alvear y pidi\u00f3 &#8220;dejar los miedos de lado&#8221; y aumentar la competitividad &nbsp; &nbsp; &nbsp; &nbsp; El presidente Mauricio Macri inst\u00f3 a empresarios a &#8220;dejar los miedos&#8221; de lado y &#8220;romperse el traste&#8221; para mejorar la productividad de la econom\u00eda, al considerar que ese esfuerzo generar\u00e1 empleos y ayudar\u00e1 a quienes &#8220;la est\u00e1n pasando mal&#8221;. &nbsp; &#8220;Ustedes tienen que dar el ejemplo, tienen que ser los primeros en plantear una agenda superadora. Llam\u00e9moslo competitividad,&#8230;<\/p>\n","protected":false},"author":3,"featured_media":3049,"comment_status":"closed","ping_status":"closed","sticky":false,"template":"","format":"standard","meta":[],"categories":[2],"tags":[],"_links":{"self":[{"href":"https:\/\/www.actualidadadiario.com\/index.php\/wp-json\/wp\/v2\/posts\/3048"}],"collection":[{"href":"https:\/\/www.actualidadadiario.com\/index.php\/wp-json\/wp\/v2\/posts"}],"about":[{"href":"https:\/\/www.actualidadadiario.com\/index.php\/wp-json\/wp\/v2\/types\/post"}],"author":[{"embeddable":true,"href":"https:\/\/www.actualidadadiario.com\/index.php\/wp-json\/wp\/v2\/users\/3"}],"replies":[{"embeddable":true,"href":"https:\/\/www.actualidadadiario.com\/index.php\/wp-json\/wp\/v2\/comments?post=3048"}],"version-history":[{"count":1,"href":"https:\/\/www.actualidadadiario.com\/index.php\/wp-json\/wp\/v2\/posts\/3048\/revisions"}],"predecessor-version":[{"id":3050,"href":"https:\/\/www.actualidadadiario.com\/index.php\/wp-json\/wp\/v2\/posts\/3048\/revisions\/3050"}],"wp:featuredmedia":[{"embeddable":true,"href":"https:\/\/www.actualidadadiario.com\/index.php\/wp-json\/wp\/v2\/media\/3049"}],"wp:attachment":[{"href":"https:\/\/www.actualidadadiario.com\/index.php\/wp-json\/wp\/v2\/media?parent=3048"}],"wp:term":[{"taxonomy":"category","embeddable":true,"href":"https:\/\/www.actualidadadiario.com\/index.php\/wp-json\/wp\/v2\/categories?post=3048"},{"taxonomy":"post_tag","embeddable":true,"href":"https:\/\/www.actualidadadiario.com\/index.php\/wp-json\/wp\/v2\/tags?post=3048"}],"curies":[{"name":"wp","href":"https:\/\/api.w.org\/{rel}","templated":true}]}}