{"id":3045,"date":"2016-10-21T09:33:38","date_gmt":"2016-10-21T12:33:38","guid":{"rendered":"http:\/\/actualidadadiario.com\/site\/?p=3045"},"modified":"2016-10-21T09:33:38","modified_gmt":"2016-10-21T12:33:38","slug":"la-canasta-basica-subio-12-en-septiembre-y-se-necesito-12-6375-para-no-ser-pobre","status":"publish","type":"post","link":"https:\/\/www.actualidadadiario.com\/index.php\/2016\/10\/21\/la-canasta-basica-subio-12-en-septiembre-y-se-necesito-12-6375-para-no-ser-pobre\/","title":{"rendered":"La Canasta B\u00e1sica subi\u00f3 1,2% en septiembre y se necesit\u00f3 $ 12.637,5 para no ser pobre"},"content":{"rendered":"<p><em><strong>La Canasta B\u00e1sica Total, que mide el umbral por el cual una familia cae en la l\u00ednea de pobreza, subi\u00f3 en septiembre a $12.637,53, un 1,2% por sobre la de agosto, inform\u00f3 este jueves el Instituto Nacional de Estad\u00edstica y Censos (Indec)<\/strong><\/em><\/p>\n<p>&nbsp;<\/p>\n<p>&nbsp;<\/p>\n<p>&nbsp;<\/p>\n<p>&nbsp;<\/p>\n<p>&nbsp;<\/p>\n<p>&nbsp;<\/p>\n<p>En tanto, la Canasta B\u00e1sica Alimentaria, es decir, la cantidad m\u00ednima de alimentos que requiere un n\u00facleo familiar para no caer por debajo de la l\u00ednea de indigencia, y subsistir, ascendi\u00f3 en septiembre a $ 5.287,67 pesos, un 2,2% m\u00e1s que en agosto, inform\u00f3 el organismo.<\/p>\n<p>&nbsp;<\/p>\n<p>El Indec toma como n\u00facleo familiar a una pareja de un hombre de 35 a\u00f1os y una mujer de 31, con un hijo de seis a\u00f1os y una ni\u00f1a de ocho.<\/p>\n<p>&nbsp;<\/p>\n<p>A finales de septiembre, y con la medici\u00f3n de junio, el Indec inform\u00f3 que el 32,3 % de los habitantes del pa\u00eds estaban por debajo de la l\u00ednea de la pobreza, y entre ellos, el 6,3% eran indigentes, es decir, no les alcanzaba el dinero para comer.<\/p>\n<p>&nbsp;<\/p>\n<p>En aquella oportunidad -cuando se conocieron las cifras de la pobreza, luego de tres a\u00f1os sin que se difundieran datos oficiales- el presidente Mauricio Macri destac\u00f3 que \u00e9se era &#8220;el verdadero punto de partida, con el verdadero equilibrio econ\u00f3mico que hay en Argentina: sin cepos, sin conflictos financieros con el mundo, sin distorsiones en la econom\u00eda que antes generaban supuestas situaciones que no eran reales. Hoy esta es la realidad y sobre la cual, yo quiero y acepto ser evaluado&#8221;.<\/p>\n<p>&nbsp;<\/p>\n<p>El Indec inform\u00f3 tambi\u00e9n este jueves que, entre junio y septiembre, el costo de la canasta b\u00e1sica aument\u00f3 3,7 % mientras que la canasta alimentaria registr\u00f3 un avance del 6 %.<\/p>\n","protected":false},"excerpt":{"rendered":"<p>La Canasta B\u00e1sica Total, que mide el umbral por el cual una familia cae en la l\u00ednea de pobreza, subi\u00f3 en septiembre a $12.637,53, un 1,2% por sobre la de agosto, inform\u00f3 este jueves el Instituto Nacional de Estad\u00edstica y Censos (Indec) &nbsp; &nbsp; &nbsp; &nbsp; &nbsp; &nbsp; En tanto, la Canasta B\u00e1sica Alimentaria, es decir, la cantidad m\u00ednima de alimentos que requiere un n\u00facleo familiar para no caer por debajo de la l\u00ednea de indigencia, y subsistir, ascendi\u00f3 en septiembre a $ 5.287,67 pesos, un 2,2% m\u00e1s que en&#8230;<\/p>\n","protected":false},"author":3,"featured_media":3046,"comment_status":"closed","ping_status":"closed","sticky":false,"template":"","format":"standard","meta":[],"categories":[9],"tags":[],"_links":{"self":[{"href":"https:\/\/www.actualidadadiario.com\/index.php\/wp-json\/wp\/v2\/posts\/3045"}],"collection":[{"href":"https:\/\/www.actualidadadiario.com\/index.php\/wp-json\/wp\/v2\/posts"}],"about":[{"href":"https:\/\/www.actualidadadiario.com\/index.php\/wp-json\/wp\/v2\/types\/post"}],"author":[{"embeddable":true,"href":"https:\/\/www.actualidadadiario.com\/index.php\/wp-json\/wp\/v2\/users\/3"}],"replies":[{"embeddable":true,"href":"https:\/\/www.actualidadadiario.com\/index.php\/wp-json\/wp\/v2\/comments?post=3045"}],"version-history":[{"count":1,"href":"https:\/\/www.actualidadadiario.com\/index.php\/wp-json\/wp\/v2\/posts\/3045\/revisions"}],"predecessor-version":[{"id":3047,"href":"https:\/\/www.actualidadadiario.com\/index.php\/wp-json\/wp\/v2\/posts\/3045\/revisions\/3047"}],"wp:featuredmedia":[{"embeddable":true,"href":"https:\/\/www.actualidadadiario.com\/index.php\/wp-json\/wp\/v2\/media\/3046"}],"wp:attachment":[{"href":"https:\/\/www.actualidadadiario.com\/index.php\/wp-json\/wp\/v2\/media?parent=3045"}],"wp:term":[{"taxonomy":"category","embeddable":true,"href":"https:\/\/www.actualidadadiario.com\/index.php\/wp-json\/wp\/v2\/categories?post=3045"},{"taxonomy":"post_tag","embeddable":true,"href":"https:\/\/www.actualidadadiario.com\/index.php\/wp-json\/wp\/v2\/tags?post=3045"}],"curies":[{"name":"wp","href":"https:\/\/api.w.org\/{rel}","templated":true}]}}