{"id":3042,"date":"2016-10-21T09:32:44","date_gmt":"2016-10-21T12:32:44","guid":{"rendered":"http:\/\/actualidadadiario.com\/site\/?p=3042"},"modified":"2016-10-21T09:32:44","modified_gmt":"2016-10-21T12:32:44","slug":"comercio-cerro-segunda-paritaria-sin-bono-de-fin-de-ano","status":"publish","type":"post","link":"https:\/\/www.actualidadadiario.com\/index.php\/2016\/10\/21\/comercio-cerro-segunda-paritaria-sin-bono-de-fin-de-ano\/","title":{"rendered":"Comercio cerr\u00f3 segunda paritaria sin bono de fin de a\u00f1o"},"content":{"rendered":"<p><em><strong>A pesar de que ayer el Gobierno anunci\u00f3 un extra para todos, las empresas no lo incluyeron al firmar por otro 19% con Armando Cavalieri<\/strong><\/em><\/p>\n<p>&nbsp;<\/p>\n<p>&nbsp;<\/p>\n<p>&nbsp;<\/p>\n<p>&nbsp;<\/p>\n<p>&nbsp;<\/p>\n<p>Los empleados de comercio acordaron un segundo tramo paritario, pero sin el bono de fin de a\u00f1o que anunci\u00f3 el Gobierno el mi\u00e9rcoles ser\u00eda para todos los trabajadores.<\/p>\n<p>&nbsp;<\/p>\n<p>El segundo aumento del a\u00f1o ser\u00e1 del 19%, que se efectivizar\u00e1 con un 12% a partir de octubre y un 7% desde enero pr\u00f3ximo. La paritaria de comercio fue una de las primeras en desdoblarse por semestre.<\/p>\n<p>&nbsp;<\/p>\n<p>El 19% se le suma al 20% otorgado de abril a septiembre. Esto equivale a una suba total del 39% anual, varios puntos por debajo de la inflaci\u00f3n del 43,1% que midi\u00f3 la Direcci\u00f3n de Estad\u00edsticas porte\u00f1a para septiembre.<\/p>\n<p>&nbsp;<\/p>\n<p>&#8220;Este porcentaje absorbe el bono que el Gobierno Nacional propicia se otorgue a los trabajadores activos&#8221;, sostuvo Osvaldo Cornide, presidente de la Confederaci\u00f3n Argentina de la Mediana Empresa (CAME).<\/p>\n<p>&nbsp;<\/p>\n<p>El gremio corporativo PyME asegur\u00f3 no estar obligado a abonar el extra de fin de a\u00f1o &#8220;ya que se acord\u00f3 con el sector sindical un aumento que absorbi\u00f3 la oferta inicial de bono en la negociaci\u00f3n paritaria&#8221;. El acuerdo acordado impacta a m\u00e1s de 1.000.000 de empleados de comercio.<\/p>\n","protected":false},"excerpt":{"rendered":"<p>A pesar de que ayer el Gobierno anunci\u00f3 un extra para todos, las empresas no lo incluyeron al firmar por otro 19% con Armando Cavalieri &nbsp; &nbsp; &nbsp; &nbsp; &nbsp; Los empleados de comercio acordaron un segundo tramo paritario, pero sin el bono de fin de a\u00f1o que anunci\u00f3 el Gobierno el mi\u00e9rcoles ser\u00eda para todos los trabajadores. &nbsp; El segundo aumento del a\u00f1o ser\u00e1 del 19%, que se efectivizar\u00e1 con un 12% a partir de octubre y un 7% desde enero pr\u00f3ximo. La paritaria de comercio fue una de&#8230;<\/p>\n","protected":false},"author":3,"featured_media":3043,"comment_status":"closed","ping_status":"closed","sticky":false,"template":"","format":"standard","meta":[],"categories":[18],"tags":[],"_links":{"self":[{"href":"https:\/\/www.actualidadadiario.com\/index.php\/wp-json\/wp\/v2\/posts\/3042"}],"collection":[{"href":"https:\/\/www.actualidadadiario.com\/index.php\/wp-json\/wp\/v2\/posts"}],"about":[{"href":"https:\/\/www.actualidadadiario.com\/index.php\/wp-json\/wp\/v2\/types\/post"}],"author":[{"embeddable":true,"href":"https:\/\/www.actualidadadiario.com\/index.php\/wp-json\/wp\/v2\/users\/3"}],"replies":[{"embeddable":true,"href":"https:\/\/www.actualidadadiario.com\/index.php\/wp-json\/wp\/v2\/comments?post=3042"}],"version-history":[{"count":1,"href":"https:\/\/www.actualidadadiario.com\/index.php\/wp-json\/wp\/v2\/posts\/3042\/revisions"}],"predecessor-version":[{"id":3044,"href":"https:\/\/www.actualidadadiario.com\/index.php\/wp-json\/wp\/v2\/posts\/3042\/revisions\/3044"}],"wp:featuredmedia":[{"embeddable":true,"href":"https:\/\/www.actualidadadiario.com\/index.php\/wp-json\/wp\/v2\/media\/3043"}],"wp:attachment":[{"href":"https:\/\/www.actualidadadiario.com\/index.php\/wp-json\/wp\/v2\/media?parent=3042"}],"wp:term":[{"taxonomy":"category","embeddable":true,"href":"https:\/\/www.actualidadadiario.com\/index.php\/wp-json\/wp\/v2\/categories?post=3042"},{"taxonomy":"post_tag","embeddable":true,"href":"https:\/\/www.actualidadadiario.com\/index.php\/wp-json\/wp\/v2\/tags?post=3042"}],"curies":[{"name":"wp","href":"https:\/\/api.w.org\/{rel}","templated":true}]}}