{"id":3039,"date":"2016-10-21T09:31:55","date_gmt":"2016-10-21T12:31:55","guid":{"rendered":"http:\/\/actualidadadiario.com\/site\/?p=3039"},"modified":"2016-10-21T09:31:55","modified_gmt":"2016-10-21T12:31:55","slug":"presionado-debio-renunciar-el-juez-que-condeno-a-etchecolatz","status":"publish","type":"post","link":"https:\/\/www.actualidadadiario.com\/index.php\/2016\/10\/21\/presionado-debio-renunciar-el-juez-que-condeno-a-etchecolatz\/","title":{"rendered":"Presionado debi\u00f3 renunciar el juez que conden\u00f3 a Etchecolatz"},"content":{"rendered":"<p><em><strong>El ahora ex presidente del Tribunal Oral 1 de La Plata present\u00f3 su dimisi\u00f3n despu\u00e9s de denunciar &#8220;persecuci\u00f3n pol\u00edtica&#8221; del Consejo de la Magistratura. El apoyo de Abuelas<\/strong><\/em><\/p>\n<p>&nbsp;<\/p>\n<p>&nbsp;<\/p>\n<p>&nbsp;<\/p>\n<p>&nbsp;<\/p>\n<p>El presidente del Tribunal Oral 1 (TOF) de La Plata, Carlos Rozanski, present\u00f3 hoy la renuncia a su cargo despu\u00e9s de denunciar persecuci\u00f3n pol\u00edtica de parte del Consejo del Magistratura.<\/p>\n<p>&nbsp;<\/p>\n<p>En una nota enviada al Ministerio de Justicia, el ahora ex magistrado apunta sobre quienes pretenden frenar los juicios acerca de las complicidades civiles con la \u00faltima dictadura militar.<\/p>\n<p>&nbsp;<\/p>\n<p>Rozanski fue acusado de supuesto &#8220;maltrato laboral&#8221; y hab\u00eda recibido a comienzos de octubre la solidaridad de la titular de Abuelas de Plaza de Mayo, Estela de Carlotto, que lleg\u00f3 a presentar dos amicus curiae en su apoyo ante el \u00f3rgano encargado de la selecci\u00f3n y remoci\u00f3n de jueces.<\/p>\n<p>&nbsp;<\/p>\n<p>Adem\u00e1s, hab\u00edan expresado su apoyo al magistrado el Premio Nobel de la paz Adolfo P\u00e9rez Esquivel, Nora Corti\u00f1as y Juli\u00e1n Dom\u00ednguez, entre otros.<\/p>\n","protected":false},"excerpt":{"rendered":"<p>El ahora ex presidente del Tribunal Oral 1 de La Plata present\u00f3 su dimisi\u00f3n despu\u00e9s de denunciar &#8220;persecuci\u00f3n pol\u00edtica&#8221; del Consejo de la Magistratura. El apoyo de Abuelas &nbsp; &nbsp; &nbsp; &nbsp; El presidente del Tribunal Oral 1 (TOF) de La Plata, Carlos Rozanski, present\u00f3 hoy la renuncia a su cargo despu\u00e9s de denunciar persecuci\u00f3n pol\u00edtica de parte del Consejo del Magistratura. &nbsp; En una nota enviada al Ministerio de Justicia, el ahora ex magistrado apunta sobre quienes pretenden frenar los juicios acerca de las complicidades civiles con la \u00faltima&#8230;<\/p>\n","protected":false},"author":3,"featured_media":3040,"comment_status":"closed","ping_status":"closed","sticky":false,"template":"","format":"standard","meta":[],"categories":[9],"tags":[],"_links":{"self":[{"href":"https:\/\/www.actualidadadiario.com\/index.php\/wp-json\/wp\/v2\/posts\/3039"}],"collection":[{"href":"https:\/\/www.actualidadadiario.com\/index.php\/wp-json\/wp\/v2\/posts"}],"about":[{"href":"https:\/\/www.actualidadadiario.com\/index.php\/wp-json\/wp\/v2\/types\/post"}],"author":[{"embeddable":true,"href":"https:\/\/www.actualidadadiario.com\/index.php\/wp-json\/wp\/v2\/users\/3"}],"replies":[{"embeddable":true,"href":"https:\/\/www.actualidadadiario.com\/index.php\/wp-json\/wp\/v2\/comments?post=3039"}],"version-history":[{"count":1,"href":"https:\/\/www.actualidadadiario.com\/index.php\/wp-json\/wp\/v2\/posts\/3039\/revisions"}],"predecessor-version":[{"id":3041,"href":"https:\/\/www.actualidadadiario.com\/index.php\/wp-json\/wp\/v2\/posts\/3039\/revisions\/3041"}],"wp:featuredmedia":[{"embeddable":true,"href":"https:\/\/www.actualidadadiario.com\/index.php\/wp-json\/wp\/v2\/media\/3040"}],"wp:attachment":[{"href":"https:\/\/www.actualidadadiario.com\/index.php\/wp-json\/wp\/v2\/media?parent=3039"}],"wp:term":[{"taxonomy":"category","embeddable":true,"href":"https:\/\/www.actualidadadiario.com\/index.php\/wp-json\/wp\/v2\/categories?post=3039"},{"taxonomy":"post_tag","embeddable":true,"href":"https:\/\/www.actualidadadiario.com\/index.php\/wp-json\/wp\/v2\/tags?post=3039"}],"curies":[{"name":"wp","href":"https:\/\/api.w.org\/{rel}","templated":true}]}}