{"id":3036,"date":"2016-10-21T09:31:10","date_gmt":"2016-10-21T12:31:10","guid":{"rendered":"http:\/\/actualidadadiario.com\/site\/?p=3036"},"modified":"2016-10-21T09:31:10","modified_gmt":"2016-10-21T12:31:10","slug":"nacion-sumo-a-santa-fe-a-la-ley-de-blanqueo","status":"publish","type":"post","link":"https:\/\/www.actualidadadiario.com\/index.php\/2016\/10\/21\/nacion-sumo-a-santa-fe-a-la-ley-de-blanqueo\/","title":{"rendered":"Naci\u00f3n sum\u00f3 a Santa Fe a la ley de blanqueo"},"content":{"rendered":"<p><em><strong>Es la novena provincia que adhiere. Sin embargo, cobrar\u00e1 un impuesto local como Salta y R\u00edo Negro<\/strong><\/em><\/p>\n<p>&nbsp;<\/p>\n<p>&nbsp;<\/p>\n<p>&nbsp;<\/p>\n<p>&nbsp;<\/p>\n<p>Santa Fe se convirti\u00f3 ayer en la novena provincia en adherir al blanqueo que impuls\u00f3 Casa Rosada en el Congreso nacional, pero con la particularidad de sumar un impuesto local cuestionado con creces en distritos que ya lo activaron.<\/p>\n<p>&nbsp;<\/p>\n<p>La C\u00e1mara de Senadores del distrito que comanda el gobernador socialista Miguel Lifschitz aval\u00f3 un texto que plantea que los sinceramientos fiscales que superen los $305.000 tributar\u00e1n un 1% como impuesto local, que va a ser coparticipable a los municipios y comunas bajo las condiciones que establece la ley de coparticipaci\u00f3n.<\/p>\n<p>&nbsp;<\/p>\n<p>Adem\u00e1s, la ley -que cont\u00f3 con los votos necesarios aportados por casi todo el oficialismo , que en Diputados cuenta con mayor\u00eda propia- deja en claro que no habr\u00e1 gravamen si al menos el 60% del total blanqueado se reinvierte en la provincia.<\/p>\n<p>&nbsp;<\/p>\n<p>Pese al tributo local que cre\u00f3 Santa Fe, Naci\u00f3n logr\u00f3 que la tr\u00edada conformada por ese distrito, Buenos Aires y C\u00f3rdoba ya participe de manera activa en el proceso de blanqueo.<\/p>\n<p>&nbsp;<\/p>\n<p>S\u00f3lo cinco de los nueve distritos que hasta el momento adhirieron a la ley nacional eximir\u00e1n de todo tipo de impuesto local a quienes se muestren interesados en beneficiarse con la operatoria. Se trata de la Ciudad de Buenos Aires, la provincia de Buenos Aires, Mendoza, C\u00f3rdoba, Tucum\u00e1n y Misiones. Ma\u00f1ana se sumar\u00eda Tierra del Fuego.<\/p>\n<p>&nbsp;<\/p>\n<p>En cambio, Santa Fe, Salta y R\u00edo Negro establecieron tributos especiales que para el caso de la provincia norte\u00f1a ser\u00e1 el 10% del impuesto especial nacional, y para la patag\u00f3nica Ingresos Brutos omitidos con al\u00edcuota de hasta un 1%. En el distrito salte\u00f1o, el Gobierno de Juan Manuel Urtubey (PJ) impuso &#8220;un impuesto especial fijo equivalente al 10% del que correspondiera abonar en los t\u00e9rminos del art\u00edculo 41 de la Ley Nacional N\u00b0 27.260&#8221;, es decir, en el caso de un blanqueo no productivo (por ejemplo, un inmueble).<\/p>\n<p>&nbsp;<\/p>\n<p>El 12 de septiembre pasado, el Gobierno de Mauricio Macri hab\u00eda instado a las provincias a sumarse al blanqueo para hacer m\u00e1s atractiva la propuesta. No obstante, y a d\u00edas del primer vencimiento -que ayer se extendi\u00f3- del plazo establecido por la ley, se atraviesa un lento proceso de adhesi\u00f3n.<\/p>\n","protected":false},"excerpt":{"rendered":"<p>Es la novena provincia que adhiere. Sin embargo, cobrar\u00e1 un impuesto local como Salta y R\u00edo Negro &nbsp; &nbsp; &nbsp; &nbsp; Santa Fe se convirti\u00f3 ayer en la novena provincia en adherir al blanqueo que impuls\u00f3 Casa Rosada en el Congreso nacional, pero con la particularidad de sumar un impuesto local cuestionado con creces en distritos que ya lo activaron. &nbsp; La C\u00e1mara de Senadores del distrito que comanda el gobernador socialista Miguel Lifschitz aval\u00f3 un texto que plantea que los sinceramientos fiscales que superen los $305.000 tributar\u00e1n un 1%&#8230;<\/p>\n","protected":false},"author":3,"featured_media":3037,"comment_status":"closed","ping_status":"closed","sticky":false,"template":"","format":"standard","meta":[],"categories":[2],"tags":[],"_links":{"self":[{"href":"https:\/\/www.actualidadadiario.com\/index.php\/wp-json\/wp\/v2\/posts\/3036"}],"collection":[{"href":"https:\/\/www.actualidadadiario.com\/index.php\/wp-json\/wp\/v2\/posts"}],"about":[{"href":"https:\/\/www.actualidadadiario.com\/index.php\/wp-json\/wp\/v2\/types\/post"}],"author":[{"embeddable":true,"href":"https:\/\/www.actualidadadiario.com\/index.php\/wp-json\/wp\/v2\/users\/3"}],"replies":[{"embeddable":true,"href":"https:\/\/www.actualidadadiario.com\/index.php\/wp-json\/wp\/v2\/comments?post=3036"}],"version-history":[{"count":1,"href":"https:\/\/www.actualidadadiario.com\/index.php\/wp-json\/wp\/v2\/posts\/3036\/revisions"}],"predecessor-version":[{"id":3038,"href":"https:\/\/www.actualidadadiario.com\/index.php\/wp-json\/wp\/v2\/posts\/3036\/revisions\/3038"}],"wp:featuredmedia":[{"embeddable":true,"href":"https:\/\/www.actualidadadiario.com\/index.php\/wp-json\/wp\/v2\/media\/3037"}],"wp:attachment":[{"href":"https:\/\/www.actualidadadiario.com\/index.php\/wp-json\/wp\/v2\/media?parent=3036"}],"wp:term":[{"taxonomy":"category","embeddable":true,"href":"https:\/\/www.actualidadadiario.com\/index.php\/wp-json\/wp\/v2\/categories?post=3036"},{"taxonomy":"post_tag","embeddable":true,"href":"https:\/\/www.actualidadadiario.com\/index.php\/wp-json\/wp\/v2\/tags?post=3036"}],"curies":[{"name":"wp","href":"https:\/\/api.w.org\/{rel}","templated":true}]}}