{"id":3033,"date":"2016-10-21T09:30:05","date_gmt":"2016-10-21T12:30:05","guid":{"rendered":"http:\/\/actualidadadiario.com\/site\/?p=3033"},"modified":"2016-10-21T09:30:05","modified_gmt":"2016-10-21T12:30:05","slug":"por-la-escasa-lluvia-de-dolares-el-gobierno-estira-el-plazo-del-blanqueo","status":"publish","type":"post","link":"https:\/\/www.actualidadadiario.com\/index.php\/2016\/10\/21\/por-la-escasa-lluvia-de-dolares-el-gobierno-estira-el-plazo-del-blanqueo\/","title":{"rendered":"Por la escasa &#8220;lluvia de d\u00f3lares&#8221;, el Gobierno estira el plazo del blanqueo"},"content":{"rendered":"<p><em><strong>La AFIP prorrogar\u00e1 el l\u00edmite para exteriorizar billetes hasta el 21 de noviembre. Estaba pautado para el 31 de octubre<\/strong><\/em><\/p>\n<p>&nbsp;<\/p>\n<p>&nbsp;<\/p>\n<p>&nbsp;<\/p>\n<p>&nbsp;<\/p>\n<p>La AFIP estir\u00f3 el plazo para el blanqueo ante los magros resultados acumulados. Dar\u00e1 tiempo hasta el 21 de noviembre para depositar los fondos negros que ingresen, aunque aclar\u00f3 que mantiene la fecha del 31 de octubre para la apertura de cuentas especiales donde se colocar\u00e1 el dinero.<\/p>\n<p>&nbsp;<\/p>\n<p>El organismo publicar\u00e1 este viernes en el Bolet\u00edn Oficial una norma en la que definir\u00e1 ese nuevo plazo m\u00e1ximo para efectuar los dep\u00f3sitos en las cuentas del sinceramiento de efectivo en el marco del blanqueo de capitales.<\/p>\n<p>&nbsp;<\/p>\n<p>La nueva norma dictada por la AFIP aclara que el 31 de octubre de 2016, inclusive, es la fecha l\u00edmite para efectuar la apertura de las &#8220;Cuentas especiales dispuestas por la ley 27.260 del R\u00e9gimen de Sinceramiento Fiscal&#8221; en una entidad financiera del pa\u00eds y obtener la CBU de cada una.<\/p>\n<p>&nbsp;<\/p>\n<p>La nueva reglamentaci\u00f3n establecer\u00e1 que el 21 de noviembre, inclusive, ser\u00e1 el vencimiento para efectuar el dep\u00f3sito en el banco en el que hayan sido abiertas dichas cuentas, para lo cual deber\u00e1 contar con el comprobante emitido por la AFIP y, en su caso, la constancia de VEP pagado debidamente firmados por el declarante.<\/p>\n","protected":false},"excerpt":{"rendered":"<p>La AFIP prorrogar\u00e1 el l\u00edmite para exteriorizar billetes hasta el 21 de noviembre. Estaba pautado para el 31 de octubre &nbsp; &nbsp; &nbsp; &nbsp; La AFIP estir\u00f3 el plazo para el blanqueo ante los magros resultados acumulados. Dar\u00e1 tiempo hasta el 21 de noviembre para depositar los fondos negros que ingresen, aunque aclar\u00f3 que mantiene la fecha del 31 de octubre para la apertura de cuentas especiales donde se colocar\u00e1 el dinero. &nbsp; El organismo publicar\u00e1 este viernes en el Bolet\u00edn Oficial una norma en la que definir\u00e1 ese nuevo&#8230;<\/p>\n","protected":false},"author":3,"featured_media":3034,"comment_status":"closed","ping_status":"closed","sticky":false,"template":"","format":"standard","meta":[],"categories":[2],"tags":[],"_links":{"self":[{"href":"https:\/\/www.actualidadadiario.com\/index.php\/wp-json\/wp\/v2\/posts\/3033"}],"collection":[{"href":"https:\/\/www.actualidadadiario.com\/index.php\/wp-json\/wp\/v2\/posts"}],"about":[{"href":"https:\/\/www.actualidadadiario.com\/index.php\/wp-json\/wp\/v2\/types\/post"}],"author":[{"embeddable":true,"href":"https:\/\/www.actualidadadiario.com\/index.php\/wp-json\/wp\/v2\/users\/3"}],"replies":[{"embeddable":true,"href":"https:\/\/www.actualidadadiario.com\/index.php\/wp-json\/wp\/v2\/comments?post=3033"}],"version-history":[{"count":1,"href":"https:\/\/www.actualidadadiario.com\/index.php\/wp-json\/wp\/v2\/posts\/3033\/revisions"}],"predecessor-version":[{"id":3035,"href":"https:\/\/www.actualidadadiario.com\/index.php\/wp-json\/wp\/v2\/posts\/3033\/revisions\/3035"}],"wp:featuredmedia":[{"embeddable":true,"href":"https:\/\/www.actualidadadiario.com\/index.php\/wp-json\/wp\/v2\/media\/3034"}],"wp:attachment":[{"href":"https:\/\/www.actualidadadiario.com\/index.php\/wp-json\/wp\/v2\/media?parent=3033"}],"wp:term":[{"taxonomy":"category","embeddable":true,"href":"https:\/\/www.actualidadadiario.com\/index.php\/wp-json\/wp\/v2\/categories?post=3033"},{"taxonomy":"post_tag","embeddable":true,"href":"https:\/\/www.actualidadadiario.com\/index.php\/wp-json\/wp\/v2\/tags?post=3033"}],"curies":[{"name":"wp","href":"https:\/\/api.w.org\/{rel}","templated":true}]}}