{"id":3030,"date":"2016-10-20T10:50:06","date_gmt":"2016-10-20T13:50:06","guid":{"rendered":"http:\/\/actualidadadiario.com\/site\/?p=3030"},"modified":"2016-10-20T10:50:06","modified_gmt":"2016-10-20T13:50:06","slug":"cayo-preso-el-jefe-de-los-golpistas-en-brasil","status":"publish","type":"post","link":"https:\/\/www.actualidadadiario.com\/index.php\/2016\/10\/20\/cayo-preso-el-jefe-de-los-golpistas-en-brasil\/","title":{"rendered":"Cay\u00f3 preso el jefe de los golpistas en Brasil"},"content":{"rendered":"<p style=\"background: white;\"><em><strong><span style=\"font-size: 10.0pt; font-family: 'Arial','sans-serif'; color: #555555;\">Cunha fue el presidente de la C\u00e1mara de Diputados que el a\u00f1o pasado bloque\u00f3 al gobierno de Rousseff y, cuando ella se neg\u00f3 a protegerlo de un proceso, dio curso al juicio pol\u00edtico que termin\u00f3 en la destituci\u00f3n de la presidenta<\/span><\/strong><\/em><\/p>\n<p style=\"background: white;\"><span style=\"font-size: 10.0pt; font-family: 'Arial','sans-serif'; color: #555555;\">\u00a0<\/span><\/p>\n<p style=\"background: white;\"><span style=\"font-size: 10.0pt; font-family: 'Arial','sans-serif'; color: #555555;\">\u00a0<\/span><\/p>\n<p style=\"background: white;\"><span style=\"font-size: 10.0pt; font-family: 'Arial','sans-serif'; color: #555555;\">\u00a0<\/span><\/p>\n<p style=\"background: white;\"><span style=\"font-size: 10.0pt; font-family: 'Arial','sans-serif'; color: #555555;\">\u00a0<\/span><\/p>\n<p style=\"background: white;\"><span style=\"font-size: 10.0pt; font-family: 'Arial','sans-serif'; color: #555555;\">\u00a0<\/span><\/p>\n<p style=\"background: white;\"><span style=\"font-size: 10.0pt; font-family: 'Arial','sans-serif'; color: #555555;\">El ex presidente de la C\u00e1mara de Diputados y comandante del juicio pol\u00edtico que destituy\u00f3 a Dilma Rousseff, Eduardo Cunha, fue detenido ayer. Est\u00e1 acusado de recibir sobornos y lavar dinero en Suiza por parte del juez Sergio Moro, que investiga la corrupci\u00f3n en Petrobras.<\/span><\/p>\n<p style=\"background: white;\"><span style=\"font-size: 10.0pt; font-family: 'Arial','sans-serif'; color: #555555;\">\u00a0<\/span><\/p>\n<p style=\"background: white;\"><span style=\"font-size: 10.0pt; font-family: 'Arial','sans-serif'; color: #555555;\">La decisi\u00f3n de Moro est\u00e1 basada en un pedido de la fiscal\u00eda, que vio riesgo de que Cunha pueda obstruir las investigaciones, centradas en tres cuentas que el ex diputado tiene en Suiza abastecidas por varios millones de d\u00f3lares de sobornos por intermediar en la compra de un campo petrolero en Ben\u00edn por parte de Petrobras. Es la m\u00e1xima detenci\u00f3n en t\u00e9rminos pol\u00edticos de la Operaci\u00f3n Lava Jato ya que Cunha es uno de los hombres fuertes del Partido del Movimiento de la Democracia Brasile\u00f1a (PMDB) de Michel Temer, de quien fue uno de sus principales consejeros y adem\u00e1s presidente de la C\u00e1mara de Diputados. El presidente Temer, seg\u00fan inform\u00f3 la oficina de prensa del gobierno citada por la cadena Globonews, anticip\u00f3 su regreso de Jap\u00f3n, donde se encuentra de gira oficial.<\/span><\/p>\n<p style=\"background: white;\"><span style=\"font-size: 10.0pt; font-family: 'Arial','sans-serif'; color: #555555;\">\u00a0<\/span><\/p>\n<p style=\"background: white;\"><span style=\"font-size: 10.0pt; font-family: 'Arial','sans-serif'; color: #555555;\">Cunha fue el presidente de la C\u00e1mara de Diputados que el a\u00f1o pasado bloque\u00f3 al gobierno de Rousseff y, cuando ella se neg\u00f3 a protegerlo de un proceso, el 2 de diciembre activ\u00f3 como jefe de la casa legislativa el pedido de juicio pol\u00edtico que termin\u00f3 en la destituci\u00f3n de Rousseff el 31 de agosto pasado. Cunha, por su parte, estaba procesado por la corte suprema por evasi\u00f3n de divisas, corrupci\u00f3n y lavado de dinero, causa que pas\u00f3 a la alzada de Moro cuando el diputado fue destituido en setiembre por falta de decoro del cargo, por haber mentido sobre sus cuentas en Suiza.<\/span><\/p>\n<p style=\"background: white;\"><span style=\"font-size: 10.0pt; font-family: 'Arial','sans-serif'; color: #555555;\">\u00a0<\/span><\/p>\n<p style=\"background: white;\"><span style=\"font-size: 10.0pt; font-family: 'Arial','sans-serif'; color: #555555;\">\u201cEsperemos que \u00e9l haga una delaci\u00f3n premiada, que ser\u00e1 la delaci\u00f3n de delaciones. Cunha tiene un estilo de g\u00e1ngster\u201d, dijo Ivan Valente, del Partido Socialismo y Libertad (PSOL), autor del proceso que destituy\u00f3 a Cunha en setiembre pasado. El ex parlamentario fue trasladado desde Brasilia, donde fue capturado, hacia Curitiba, donde quedar\u00e1 detenido por tiempo indeterminado.<\/span><\/p>\n<p style=\"background: white;\"><span style=\"font-size: 10.0pt; font-family: 'Arial','sans-serif'; color: #555555;\">\u00a0<\/span><\/p>\n<p style=\"background: white;\"><span style=\"font-size: 10.0pt; font-family: 'Arial','sans-serif'; color: #555555;\">El juez Moro bloque\u00f3 cuentas por unos 68 millones de d\u00f3lares en poder de Cunha y su esposa, una ex presentadora de televisi\u00f3n de la cadena Globo en los a\u00f1os noventa investigada por lavado de dinero ya que hizo compras millonarias en el exterior con el dinero de las cuentas suizas.<\/span><\/p>\n<p style=\"background: white;\"><span style=\"font-size: 10.0pt; font-family: 'Arial','sans-serif'; color: #555555;\">\u00a0<\/span><\/p>\n<p style=\"background: white;\"><span style=\"font-size: 10.0pt; font-family: 'Arial','sans-serif'; color: #555555;\">La detenci\u00f3n de Cunha se produjo mientras el ex diputado hab\u00eda acusado al gobierno de Temer y varios ministros de haberlo abandonado, a la vez que estaba en Brasilia para escribir un libro sobre el juicio pol\u00edtico contra Rousseff. La ex mandataria denunci\u00f3 que el impeachment fue ilegal debido a que Cunha cometi\u00f3 desv\u00edo de poder, pero la corte rechaz\u00f3 ese recurso. El ex parlamentario fue preso porque el juez Moro seg\u00fan dijeron los fiscales tem\u00eda que se pueda fugar a Italia, ya que el ex diputado tiene pasaporte de ese pa\u00eds.<\/span><\/p>\n<p style=\"background: white;\"><span style=\"font-size: 10.0pt; font-family: 'Arial','sans-serif'; color: #555555;\">\u00a0<\/span><\/p>\n<p style=\"background: white;\"><span style=\"font-size: 10.0pt; font-family: 'Arial','sans-serif'; color: #555555;\">Bautizado \u201cMi Villano Favorito\u201d, Cunha fue el principal responsable de haber conformado un conglomerado opositor a Rousseff en el Congreso en 2015. \u201cEsper\u00e1bamos que Cunha fuera escuchado por las acusaciones en su contra, no una detenci\u00f3n\u201d, dijo Paderley Avelino, jefe del bloque de Diputados del conservador Dem\u00f3cratas, que hoy apoya a Temer y tiene en sus manos el Ministerio de Educaci\u00f3n. \u201cHoy cae el gobierno de Temer en caso de que Cunha hable sobre sus delitos\u201d, dijo el diputado Silvio Costa, del min\u00fasculo Partido de los Laboristas de Brasil (PTdoB), quien fue uno de los principales defensores de Rousseff en el juicio pol\u00edtico.<\/span><\/p>\n<p style=\"background: white;\"><span style=\"font-size: 10.0pt; font-family: 'Arial','sans-serif'; color: #555555;\">\u00a0<\/span><\/p>\n<p style=\"background: white;\"><span style=\"font-size: 10.0pt; font-family: 'Arial','sans-serif'; color: #555555;\">La detenci\u00f3n se produjo en medio de rumores sobre el arresto del ex presidente Luiz In\u00e1cio Lula da Sllva, procesado por Moro y quien denuncia al juez por persecuci\u00f3n pol\u00edtica. Incluso el lunes hubo una vigilia en la casa de Lula para blindar al l\u00edder del Partido de los Trabajadores por parte de militantes.<\/span><\/p>\n<p style=\"background: white;\"><span style=\"font-size: 10.0pt; font-family: 'Arial','sans-serif'; color: #555555;\">\u00a0<\/span><\/p>\n<p style=\"background: white;\"><span style=\"font-size: 10.0pt; font-family: 'Arial','sans-serif'; color: #555555;\">La defensa de Cunha, citada por la radio CBN, dijo que la prisi\u00f3n es arbitraria porque no apareci\u00f3 ning\u00fan hecho nuevo en el expediente, que estuvo seis meses a cargo del Supremo Tribunal Federal, la m\u00e1xima corte del pa\u00eds que pas\u00f3 el caso a la primera instancia una vez que Cunha perdi\u00f3 sus fueros de diputado. Por su parte, el ex jefe de la C\u00e1mara de Diputados afirm\u00f3 ayer que su detenci\u00f3n y prisi\u00f3n preventiva es absurda y sin ninguna motivaci\u00f3n. En una nota difundida por sus abogados, Cunha, dijo que los argumentos utilizados para su detenci\u00f3n son \u201cde una medida cautelar extinta por el Supremo Tribunal Federal\u201d. Adem\u00e1s, expres\u00f3: \u201cMis abogados tomar\u00e1n las medidas pertinentes para enfrentar esta absurda decisi\u00f3n\u201d.<\/span><\/p>\n<p style=\"background: white;\"><span style=\"font-size: 10.0pt; font-family: 'Arial','sans-serif'; color: #555555;\">\u00a0<\/span><\/p>\n<p style=\"background: white;\"><span style=\"font-size: 10.0pt; font-family: 'Arial','sans-serif'; color: #555555;\">En el marco de las investigaci\u00f3n de la Operaci\u00f3n Lava Jato, la fiscal\u00eda Suiza envi\u00f3 dos mil documentos vinculados a cuentas en ese pa\u00eds de la empresa Odebrecht, que abasteci\u00f3 la financiaci\u00f3n de campa\u00f1as pol\u00edticas con dinero ilegal. Por su parte, la constructora Delta, seg\u00fan el diario O Estado de Sao Paulo, anunci\u00f3 que est\u00e1 negociando un perd\u00f3n de la justicia a cambio de entregar una lista de pol\u00edticos a los que les pag\u00f3 dinero de sobornos o en forma ilegal de campa\u00f1a, pertenecientes al PMDB y al Partido de la Social Democracia Brasile\u00f1a (PSDB), del canciller Jos\u00e9 Serra.<\/span><\/p>\n<p style=\"background: white;\"><span style=\"font-size: 10.0pt; font-family: 'Arial','sans-serif'; color: #555555;\">\u00a0<\/span><\/p>\n<p style=\"background: white;\"><span style=\"font-size: 10.0pt; font-family: 'Arial','sans-serif'; color: #555555;\">El PMDB fue aliado de pr\u00e1cticamente todos los gobiernos desde el fin del r\u00e9gimen militar en Brasil en 1985. Cunha lleg\u00f3 a la presidencia de la C\u00e1mara tras ganarle una pulseada a un candidato apoyado por Rousseff. Desde su podio, este pol\u00edtico due\u00f1o de m\u00e1s de 150 dominios de internet con la palabra Jes\u00fas, impuls\u00f3 proyectos conservadores como la reducci\u00f3n de la edad de responsabilidad penal a 16 a\u00f1os o la celebraci\u00f3n de un \u201cD\u00eda del Orgullo Heterosexual\u2019\u2019. En la C\u00e1mara ten\u00eda apoyos entre parlamentarios de la bancada \u201cBBB\u2019\u2019 (Buey, Biblia y Bala) integrada por los lobbies del agronegocio, evang\u00e9lico y de ex polic\u00edas y militares que defienden el porte de armas.<\/span><\/p>\n<p style=\"background: white;\"><span style=\"font-size: 10.0pt; font-family: 'Arial','sans-serif'; color: #555555;\">\u00a0<\/span><\/p>\n<p style=\"background: white;\"><span style=\"font-size: 10.0pt; font-family: 'Arial','sans-serif'; color: #555555;\">Dio sus primeros pasos en pol\u00edtica vinculado al tesorero de la campa\u00f1a del ex presidente Fernando Collor, quien renunci\u00f3 en 1992, tambi\u00e9n bajo la presi\u00f3n de un juicio de destituci\u00f3n. \u201cLa historia har\u00e1 justicia al coraje que tuvo la c\u00e1mara de Diputados bajo mi conducci\u00f3n, de abrir el proceso de impeachment que termin\u00f3 con el alejamiento de la presidenta, sacando al pa\u00eds del caos\u2019\u2019, afirm\u00f3 cuando renunci\u00f3 a su cargo.<\/span><\/p>\n","protected":false},"excerpt":{"rendered":"<p>Cunha fue el presidente de la C\u00e1mara de Diputados que el a\u00f1o pasado bloque\u00f3 al gobierno de Rousseff y, cuando ella se neg\u00f3 a protegerlo de un proceso, dio curso al juicio pol\u00edtico que termin\u00f3 en la destituci\u00f3n de la presidenta \u00a0 \u00a0 \u00a0 \u00a0 \u00a0 El ex presidente de la C\u00e1mara de Diputados y comandante del juicio pol\u00edtico que destituy\u00f3 a Dilma Rousseff, Eduardo Cunha, fue detenido ayer. Est\u00e1 acusado de recibir sobornos y lavar dinero en Suiza por parte del juez Sergio Moro, que investiga la corrupci\u00f3n en&#8230;<\/p>\n","protected":false},"author":3,"featured_media":3031,"comment_status":"closed","ping_status":"closed","sticky":false,"template":"","format":"standard","meta":[],"categories":[4],"tags":[],"_links":{"self":[{"href":"https:\/\/www.actualidadadiario.com\/index.php\/wp-json\/wp\/v2\/posts\/3030"}],"collection":[{"href":"https:\/\/www.actualidadadiario.com\/index.php\/wp-json\/wp\/v2\/posts"}],"about":[{"href":"https:\/\/www.actualidadadiario.com\/index.php\/wp-json\/wp\/v2\/types\/post"}],"author":[{"embeddable":true,"href":"https:\/\/www.actualidadadiario.com\/index.php\/wp-json\/wp\/v2\/users\/3"}],"replies":[{"embeddable":true,"href":"https:\/\/www.actualidadadiario.com\/index.php\/wp-json\/wp\/v2\/comments?post=3030"}],"version-history":[{"count":1,"href":"https:\/\/www.actualidadadiario.com\/index.php\/wp-json\/wp\/v2\/posts\/3030\/revisions"}],"predecessor-version":[{"id":3032,"href":"https:\/\/www.actualidadadiario.com\/index.php\/wp-json\/wp\/v2\/posts\/3030\/revisions\/3032"}],"wp:featuredmedia":[{"embeddable":true,"href":"https:\/\/www.actualidadadiario.com\/index.php\/wp-json\/wp\/v2\/media\/3031"}],"wp:attachment":[{"href":"https:\/\/www.actualidadadiario.com\/index.php\/wp-json\/wp\/v2\/media?parent=3030"}],"wp:term":[{"taxonomy":"category","embeddable":true,"href":"https:\/\/www.actualidadadiario.com\/index.php\/wp-json\/wp\/v2\/categories?post=3030"},{"taxonomy":"post_tag","embeddable":true,"href":"https:\/\/www.actualidadadiario.com\/index.php\/wp-json\/wp\/v2\/tags?post=3030"}],"curies":[{"name":"wp","href":"https:\/\/api.w.org\/{rel}","templated":true}]}}