{"id":303,"date":"2016-08-25T09:04:41","date_gmt":"2016-08-25T12:04:41","guid":{"rendered":"http:\/\/actualidadadiario.com\/site\/?p=303"},"modified":"2016-08-25T09:04:41","modified_gmt":"2016-08-25T12:04:41","slug":"bordet-medio-ante-el-gabinete-nacional-por-los-productores-avicolas","status":"publish","type":"post","link":"https:\/\/www.actualidadadiario.com\/index.php\/2016\/08\/25\/bordet-medio-ante-el-gabinete-nacional-por-los-productores-avicolas\/","title":{"rendered":"Bordet medi\u00f3 ante el gabinete nacional por los productores av\u00edcolas"},"content":{"rendered":"<p><em><strong>Productores av\u00edcolas de la provincia, acompa\u00f1ados por el gobernador Gustavo Bordet, pudieron plantear la problem\u00e1tica del sector, ante ministros y funcionarios nacionales en la Casa Rosada. \u201cEste es un sector que hay que sostener y defender, hay algunas voces de alarma que se presentan, que con una mesa de esta naturaleza se pueden solucionar con un abordaje integral\u201d, consider\u00f3 el mandatario entrerriano. Los productores valoraron el encuentro<\/strong><\/em><\/p>\n<p>&nbsp;<\/p>\n<p>&nbsp;<\/p>\n<p>Estuvieron presentes los ministros del Interior, Rogelio Frigerio; de Trabajo, Jorge Triaca; de Producci\u00f3n, Francisco Cabrera; el senador nacional Alfredo De Angeli; el secretario de Comercio, Miguel Braun; y por la AFIP, Marcelo Costa. Por Entre R\u00edos, junto a Bordet, participaron los ministros de Producci\u00f3n, Carlos Schepens; y de Econom\u00eda, Hugo Ballay.<\/p>\n<p>Tras el encuentro, el mandatario entrerriano consider\u00f3 que \u201clos resultados han sido verdaderamente muy favorables, positivos. El hecho de poder estar reunidos con el ministro del Interior, de Producci\u00f3n, de Trabajo, y con el gabinete de Agroindustria habla a las claras de la predisposici\u00f3n para abordar un tema que resulta central en la econom\u00eda y el empleo entrerriano como es el sector av\u00edcola, que es una cadena que genera trabajo rural, a trav\u00e9s de la integraci\u00f3n de distintos peque\u00f1os productores y que tambi\u00e9n implica puestos directos de trabajo para los entrerrianos\u201d.<\/p>\n<p>Bordet coment\u00f3 que la p\u00e9rdida de competitividad del sector fue uno de los planteos, que \u201ctiene que ver con las importaciones desde Brasil, hay que analizar c\u00f3mo se afronta esta situaci\u00f3n; tambi\u00e9n los costos internos, producto de las subas de alimentos, como el ma\u00edz, o el costo energ\u00e9tico, pero son cosas que a veces son coyunturales, no son estructurales y en la medida que puedan tener un abordaje pueden ir solucion\u00e1ndose y encaminando un rumbo que es para lo que nos reunimos justamente hoy\u201d.<\/p>\n<p>Seg\u00fan consider\u00f3, a partir de este encuentro se van a dar \u201creuniones m\u00e1s espec\u00edficas, por \u00e1rea. Lo importante es que cuando hay temas que atraviesan distintas \u00e1reas est\u00e9n todos los interlocutores, esto genera di\u00e1logo y confianza y posibilita que despu\u00e9s uno pueda ahondar en cada una de las reparticiones donde hacen los planteos\u201d.<\/p>\n<p>&nbsp;<\/p>\n<p>&nbsp;<\/p>\n<p><strong>Valoraci\u00f3n del encuentro<\/strong><\/p>\n<p>El presidente de Granja Tres Arroyos, Joaqu\u00edn de Gracia, agradeci\u00f3 \u201cal gobernador Bordet y a sus ministros que estuvieron presentes y organizaron esta reuni\u00f3n con el ministro del Interior y sus pares\u201d.<\/p>\n<p>\u201cHa sido una reuni\u00f3n muy importante, donde gran parte del gabinete estuvo presente y les pudimos plantear la problem\u00e1tica de la actividad av\u00edcola de la provincia de Entre R\u00edos, que se hace extensiva al resto el pa\u00eds. Ahora qued\u00f3 todo en v\u00eda de an\u00e1lisis para dar soluciones a los distintos problemas planteados\u201d.<\/p>\n<p>Por su parte, N\u00e9stor Eggs, de Noelma SA, dijo que \u201cnos sentimos escuchados por los funcionarios, vinimos bien acompa\u00f1ados y qued\u00f3 en manos de ellos para llevar adelante algunos reclamos nuestros. Estamos esperanzados y nuestra idea es pensar fuertemente en el futuro a la exportaci\u00f3n, al crecimiento, y sostener nuestras empresas para continuar\u201d.<\/p>\n<p>En tanto, H\u00e9ctor Motta, de Tecnovo, agradeci\u00f3 \u201cla deferencia que tuvieron los funcionarios para traer nuestros problemas, plantearlos y buscar soluciones. Dejamos planteados los temas, nuestras inquietudes y una amplitud de di\u00e1logo, y me parece que detr\u00e1s del di\u00e1logo van a aparecer soluciones\u201d.<\/p>\n<p>Por el sector privado estuvieron presentes: H\u00e9ctor Motta (Tecnovo); Augusto Motta (Calisa); Joaqu\u00edn de Gracia (Tres Arroyos); N\u00e9stor Eggs (Noelma); Franco Sant\u00e1ngelo (Soych\u00fa); Eduardo Mars\u00f3 (Las Camelias); y Roberto Domenech (Centro de Empresas Procesadoras Av\u00edcolas-CEPA).<\/p>\n","protected":false},"excerpt":{"rendered":"<p>Productores av\u00edcolas de la provincia, acompa\u00f1ados por el gobernador Gustavo Bordet, pudieron plantear la problem\u00e1tica del sector, ante ministros y funcionarios nacionales en la Casa Rosada. \u201cEste es un sector que hay que sostener y defender, hay algunas voces de alarma que se presentan, que con una mesa de esta naturaleza se pueden solucionar con un abordaje integral\u201d, consider\u00f3 el mandatario entrerriano. Los productores valoraron el encuentro &nbsp; &nbsp; Estuvieron presentes los ministros del Interior, Rogelio Frigerio; de Trabajo, Jorge Triaca; de Producci\u00f3n, Francisco Cabrera; el senador nacional Alfredo De&#8230;<\/p>\n","protected":false},"author":3,"featured_media":304,"comment_status":"closed","ping_status":"open","sticky":false,"template":"","format":"standard","meta":[],"categories":[15],"tags":[],"_links":{"self":[{"href":"https:\/\/www.actualidadadiario.com\/index.php\/wp-json\/wp\/v2\/posts\/303"}],"collection":[{"href":"https:\/\/www.actualidadadiario.com\/index.php\/wp-json\/wp\/v2\/posts"}],"about":[{"href":"https:\/\/www.actualidadadiario.com\/index.php\/wp-json\/wp\/v2\/types\/post"}],"author":[{"embeddable":true,"href":"https:\/\/www.actualidadadiario.com\/index.php\/wp-json\/wp\/v2\/users\/3"}],"replies":[{"embeddable":true,"href":"https:\/\/www.actualidadadiario.com\/index.php\/wp-json\/wp\/v2\/comments?post=303"}],"version-history":[{"count":1,"href":"https:\/\/www.actualidadadiario.com\/index.php\/wp-json\/wp\/v2\/posts\/303\/revisions"}],"predecessor-version":[{"id":305,"href":"https:\/\/www.actualidadadiario.com\/index.php\/wp-json\/wp\/v2\/posts\/303\/revisions\/305"}],"wp:featuredmedia":[{"embeddable":true,"href":"https:\/\/www.actualidadadiario.com\/index.php\/wp-json\/wp\/v2\/media\/304"}],"wp:attachment":[{"href":"https:\/\/www.actualidadadiario.com\/index.php\/wp-json\/wp\/v2\/media?parent=303"}],"wp:term":[{"taxonomy":"category","embeddable":true,"href":"https:\/\/www.actualidadadiario.com\/index.php\/wp-json\/wp\/v2\/categories?post=303"},{"taxonomy":"post_tag","embeddable":true,"href":"https:\/\/www.actualidadadiario.com\/index.php\/wp-json\/wp\/v2\/tags?post=303"}],"curies":[{"name":"wp","href":"https:\/\/api.w.org\/{rel}","templated":true}]}}