{"id":3024,"date":"2016-10-20T10:37:53","date_gmt":"2016-10-20T13:37:53","guid":{"rendered":"http:\/\/actualidadadiario.com\/site\/?p=3024"},"modified":"2016-10-20T10:37:53","modified_gmt":"2016-10-20T13:37:53","slug":"nacion-busca-calmar-quejas-por-plan-belgrano","status":"publish","type":"post","link":"https:\/\/www.actualidadadiario.com\/index.php\/2016\/10\/20\/nacion-busca-calmar-quejas-por-plan-belgrano\/","title":{"rendered":"Naci\u00f3n busca calmar quejas por Plan Belgrano"},"content":{"rendered":"<p style=\"background: white;\"><em><strong><span style=\"font-size: 10.0pt; font-family: 'Arial','sans-serif'; color: #555555;\">Tras el fuerte apoyo que le dio el Gobierno nacional en pleno debate del Presupuesto 2017, el titular del Plan Belgrano, Jos\u00e9 Cano (UCR-Tucum\u00e1n), planea una cumbre el mes pr\u00f3ximo con los 10 gobernadores de las provincias involucradas para explicar lo realizado hasta el momento -motivo de cr\u00edticas de la oposici\u00f3n- y la agenda del a\u00f1o pr\u00f3ximo, donde deber\u00edan concretarse varios objetivos<\/span><\/strong><\/em><\/p>\n<p style=\"background: white;\"><span style=\"font-size: 10.0pt; font-family: 'Arial','sans-serif'; color: #555555;\">\u00a0<\/span><\/p>\n<p style=\"background: white;\"><span style=\"font-size: 10.0pt; font-family: 'Arial','sans-serif'; color: #555555;\">\u00a0<\/span><\/p>\n<p style=\"background: white;\"><span style=\"font-size: 10.0pt; font-family: 'Arial','sans-serif'; color: #555555;\">\u00a0<\/span><\/p>\n<p style=\"background: white;\"><span style=\"font-size: 10.0pt; font-family: 'Arial','sans-serif'; color: #555555;\">\u00a0<\/span><\/p>\n<p style=\"background: white;\"><span style=\"font-size: 10.0pt; font-family: 'Arial','sans-serif'; color: #555555;\">&#8220;A mediados de noviembre se har\u00e1 una reuni\u00f3n con los 10 gobernadores para exponerles lo desarrollado hasta ahora&#8221;, destac\u00f3 Cano, y la convocatoria ser\u00e1 en algunas de las capitales del NEA y NOA. Ya se menciona a Resistencia, por pedido del gobernador chaque\u00f1o, Domingo Peppo. No obstante, la fecha y el lugar se definir\u00e1n a trav\u00e9s de la jefatura de Gabinete de la Naci\u00f3n y el Ministerio del Interior.<\/span><\/p>\n<p style=\"background: white;\"><span style=\"font-size: 10.0pt; font-family: 'Arial','sans-serif'; color: #555555;\">\u00a0<\/span><\/p>\n<p style=\"background: white;\"><span style=\"font-size: 10.0pt; font-family: 'Arial','sans-serif'; color: #555555;\">&#8220;Vamos a escuchar a los gobernadores y reiterar nuestro compromiso. La magnitud de las obras va a superar largamente estos cuatro a\u00f1os de gesti\u00f3n&#8221;, se\u00f1al\u00f3 Cano a medios locales, y record\u00f3 que el Plan Belgrano incluye &#8220;la recuperaci\u00f3n del sistema ferroviario, la construcci\u00f3n de importantes diques y de rutas, todas obras que plante\u00f3 el Presidente en la campa\u00f1a y que es un plan a 10 a\u00f1os&#8221;.<\/span><\/p>\n<p style=\"background: white;\"><span style=\"font-size: 10.0pt; font-family: 'Arial','sans-serif'; color: #555555;\">\u00a0<\/span><\/p>\n<p style=\"background: white;\"><span style=\"font-size: 10.0pt; font-family: 'Arial','sans-serif'; color: #555555;\">En cuanto a los cuestionamientos recibidos por algunos mandatarios provinciales -uno fue el salte\u00f1o Juan Manuel Urtubey-, Cano expres\u00f3 que &#8220;las cr\u00edticas en algunos casos son constructivas y en otros casos forman parte del correlato de la pol\u00edtica&#8221;, y reiter\u00f3 que &#8220;si hay signos que caracterizan al Gobierno de Macri son el di\u00e1logo y la tolerancia&#8221;.<\/span><\/p>\n<p style=\"background: white;\"><span style=\"font-size: 10.0pt; font-family: 'Arial','sans-serif'; color: #555555;\">\u00a0<\/span><\/p>\n<p style=\"background: white;\"><span style=\"font-size: 10.0pt; font-family: 'Arial','sans-serif'; color: #555555;\">\u00a0<\/span><\/p>\n<p style=\"background: white;\"><span style=\"font-size: 10.0pt; font-family: 'Arial','sans-serif'; color: #555555;\">\u00a0<\/span><\/p>\n<p style=\"background: white;\"><span style=\"font-size: 10.0pt; font-family: 'Arial','sans-serif'; color: #555555;\">\u00a0<\/span><\/p>\n<p style=\"background: white;\"><span style=\"font-size: 10.0pt; font-family: 'Arial','sans-serif'; color: #555555;\">\u00a0<\/span><\/p>\n<p style=\"background: white;\"><strong><span style=\"font-size: 10.0pt; font-family: 'Arial','sans-serif'; color: #555555;\">Preocupaci\u00f3n<\/span><\/strong><\/p>\n<p style=\"background: white;\"><span style=\"font-size: 10.0pt; font-family: 'Arial','sans-serif'; color: #555555;\">En las \u00faltimas semanas, la ratificaci\u00f3n y la continuidad del esquema previsto por el Plan Belgrano para impulsar el desarrollo de diez distritos del Nordeste y el Noroeste desat\u00f3 preocupaci\u00f3n en la regi\u00f3n de Cuyo.<\/span><\/p>\n<p style=\"background: white;\"><span style=\"font-size: 10.0pt; font-family: 'Arial','sans-serif'; color: #555555;\">\u00a0<\/span><\/p>\n<p style=\"background: white;\"><span style=\"font-size: 10.0pt; font-family: 'Arial','sans-serif'; color: #555555;\">&#8220;No pedimos que no se aplique el plan, sino que equiparen algunos de los beneficios para que podamos competir&#8221;, asegur\u00f3 la secretaria de Industria sanjuanina, Sandra Barcel\u00f3, en declaraciones rese\u00f1adas por Diario de Cuyo. La funcionaria tambi\u00e9n advirti\u00f3 que &#8220;de lo contrario, se pone en riesgo un valor incalculable de inversiones que obviamente elegir\u00e1n esas provincias en lugar de la nuestra&#8221;.\u00a0<\/span><\/p>\n","protected":false},"excerpt":{"rendered":"<p>Tras el fuerte apoyo que le dio el Gobierno nacional en pleno debate del Presupuesto 2017, el titular del Plan Belgrano, Jos\u00e9 Cano (UCR-Tucum\u00e1n), planea una cumbre el mes pr\u00f3ximo con los 10 gobernadores de las provincias involucradas para explicar lo realizado hasta el momento -motivo de cr\u00edticas de la oposici\u00f3n- y la agenda del a\u00f1o pr\u00f3ximo, donde deber\u00edan concretarse varios objetivos \u00a0 \u00a0 \u00a0 \u00a0 &#8220;A mediados de noviembre se har\u00e1 una reuni\u00f3n con los 10 gobernadores para exponerles lo desarrollado hasta ahora&#8221;, destac\u00f3 Cano, y la convocatoria ser\u00e1&#8230;<\/p>\n","protected":false},"author":3,"featured_media":3025,"comment_status":"closed","ping_status":"closed","sticky":false,"template":"","format":"standard","meta":[],"categories":[2],"tags":[],"_links":{"self":[{"href":"https:\/\/www.actualidadadiario.com\/index.php\/wp-json\/wp\/v2\/posts\/3024"}],"collection":[{"href":"https:\/\/www.actualidadadiario.com\/index.php\/wp-json\/wp\/v2\/posts"}],"about":[{"href":"https:\/\/www.actualidadadiario.com\/index.php\/wp-json\/wp\/v2\/types\/post"}],"author":[{"embeddable":true,"href":"https:\/\/www.actualidadadiario.com\/index.php\/wp-json\/wp\/v2\/users\/3"}],"replies":[{"embeddable":true,"href":"https:\/\/www.actualidadadiario.com\/index.php\/wp-json\/wp\/v2\/comments?post=3024"}],"version-history":[{"count":1,"href":"https:\/\/www.actualidadadiario.com\/index.php\/wp-json\/wp\/v2\/posts\/3024\/revisions"}],"predecessor-version":[{"id":3026,"href":"https:\/\/www.actualidadadiario.com\/index.php\/wp-json\/wp\/v2\/posts\/3024\/revisions\/3026"}],"wp:featuredmedia":[{"embeddable":true,"href":"https:\/\/www.actualidadadiario.com\/index.php\/wp-json\/wp\/v2\/media\/3025"}],"wp:attachment":[{"href":"https:\/\/www.actualidadadiario.com\/index.php\/wp-json\/wp\/v2\/media?parent=3024"}],"wp:term":[{"taxonomy":"category","embeddable":true,"href":"https:\/\/www.actualidadadiario.com\/index.php\/wp-json\/wp\/v2\/categories?post=3024"},{"taxonomy":"post_tag","embeddable":true,"href":"https:\/\/www.actualidadadiario.com\/index.php\/wp-json\/wp\/v2\/tags?post=3024"}],"curies":[{"name":"wp","href":"https:\/\/api.w.org\/{rel}","templated":true}]}}