{"id":3012,"date":"2016-10-20T10:08:00","date_gmt":"2016-10-20T13:08:00","guid":{"rendered":"http:\/\/actualidadadiario.com\/site\/?p=3012"},"modified":"2016-10-20T10:08:00","modified_gmt":"2016-10-20T13:08:00","slug":"enersa-apoya-el-pedido-de-las-cooperativas","status":"publish","type":"post","link":"https:\/\/www.actualidadadiario.com\/index.php\/2016\/10\/20\/enersa-apoya-el-pedido-de-las-cooperativas\/","title":{"rendered":"Enersa apoya el pedido de las cooperativas"},"content":{"rendered":"<p><em><strong>A trav\u00e9s de un comunicado, la Empresa de Energ\u00eda de Entre R\u00edos (Enersa) manifest\u00f3 su apoyo al 23% de aumento en la tarifa de la luz<\/strong><\/em><\/p>\n<p>&nbsp;<\/p>\n<p>&nbsp;<\/p>\n<p>&nbsp;<\/p>\n<p>&nbsp;<\/p>\n<p>&nbsp;<\/p>\n<p>Ante la solicitud de las Cooperativas El\u00e9ctricas de la Provincia al Ente Provincial Regulador de la Energ\u00eda (EPRE) de implementar en el corto plazo la readecuaci\u00f3n del cuadro tarifario con un incremento del 23% promedio (solicitado en tiempo y forma en la audiencia p\u00fablica correspondiente), Enersa considera l\u00f3gica y oportuna su aplicaci\u00f3n\u201d, expresaron desde la Empresa.<\/p>\n<p>&nbsp;<\/p>\n<p>\u201cEnersa comprende la realidad tarifaria actual, en la que los costos vigentes de operaci\u00f3n y mantenimiento del sistema el\u00e9ctrico entrerriano resultan insuficientes para acompa\u00f1ar el proceso de inversiones que requiere el sistema en Entre R\u00edos en el corto, mediano y largo plazo, como as\u00ed tambi\u00e9n para hacer frente al crecimiento sostenido de la demanda que se viene registrando y que continuar\u00e1 en ascenso durante los pr\u00f3ximos a\u00f1os\u201d, se agreg\u00f3 en el comunicado.<\/p>\n<p>&nbsp;<\/p>\n<p>Cabe recordar que fue precisamente Enersa (y la Cooperativa de Concordia) quienes presentaron una propuesta de readecuaci\u00f3n tarifaria del 23% promedio en la audiencia p\u00fablica celebrada el pasado 31 de agosto en Villaguay, petici\u00f3n apoyada por el resto de las Cooperativas.<\/p>\n<p>&nbsp;<\/p>\n<p>\u201cEnersa aclara que la readecuaci\u00f3n debe ser justa y razonable, por lo que apela al buen criterio de las autoridades del EPRE a la hora de aplicar un nuevo cuadro tarifario que se adapte a la situaci\u00f3n econ\u00f3mica actual y que no represente mayores inconvenientes para sus usuarios\u201d, finalizaron.<\/p>\n","protected":false},"excerpt":{"rendered":"<p>A trav\u00e9s de un comunicado, la Empresa de Energ\u00eda de Entre R\u00edos (Enersa) manifest\u00f3 su apoyo al 23% de aumento en la tarifa de la luz &nbsp; &nbsp; &nbsp; &nbsp; &nbsp; Ante la solicitud de las Cooperativas El\u00e9ctricas de la Provincia al Ente Provincial Regulador de la Energ\u00eda (EPRE) de implementar en el corto plazo la readecuaci\u00f3n del cuadro tarifario con un incremento del 23% promedio (solicitado en tiempo y forma en la audiencia p\u00fablica correspondiente), Enersa considera l\u00f3gica y oportuna su aplicaci\u00f3n\u201d, expresaron desde la Empresa. &nbsp; \u201cEnersa comprende&#8230;<\/p>\n","protected":false},"author":3,"featured_media":3013,"comment_status":"closed","ping_status":"closed","sticky":false,"template":"","format":"standard","meta":[],"categories":[15],"tags":[],"_links":{"self":[{"href":"https:\/\/www.actualidadadiario.com\/index.php\/wp-json\/wp\/v2\/posts\/3012"}],"collection":[{"href":"https:\/\/www.actualidadadiario.com\/index.php\/wp-json\/wp\/v2\/posts"}],"about":[{"href":"https:\/\/www.actualidadadiario.com\/index.php\/wp-json\/wp\/v2\/types\/post"}],"author":[{"embeddable":true,"href":"https:\/\/www.actualidadadiario.com\/index.php\/wp-json\/wp\/v2\/users\/3"}],"replies":[{"embeddable":true,"href":"https:\/\/www.actualidadadiario.com\/index.php\/wp-json\/wp\/v2\/comments?post=3012"}],"version-history":[{"count":1,"href":"https:\/\/www.actualidadadiario.com\/index.php\/wp-json\/wp\/v2\/posts\/3012\/revisions"}],"predecessor-version":[{"id":3014,"href":"https:\/\/www.actualidadadiario.com\/index.php\/wp-json\/wp\/v2\/posts\/3012\/revisions\/3014"}],"wp:featuredmedia":[{"embeddable":true,"href":"https:\/\/www.actualidadadiario.com\/index.php\/wp-json\/wp\/v2\/media\/3013"}],"wp:attachment":[{"href":"https:\/\/www.actualidadadiario.com\/index.php\/wp-json\/wp\/v2\/media?parent=3012"}],"wp:term":[{"taxonomy":"category","embeddable":true,"href":"https:\/\/www.actualidadadiario.com\/index.php\/wp-json\/wp\/v2\/categories?post=3012"},{"taxonomy":"post_tag","embeddable":true,"href":"https:\/\/www.actualidadadiario.com\/index.php\/wp-json\/wp\/v2\/tags?post=3012"}],"curies":[{"name":"wp","href":"https:\/\/api.w.org\/{rel}","templated":true}]}}