{"id":3009,"date":"2016-10-20T10:07:10","date_gmt":"2016-10-20T13:07:10","guid":{"rendered":"http:\/\/actualidadadiario.com\/site\/?p=3009"},"modified":"2016-10-20T10:07:10","modified_gmt":"2016-10-20T13:07:10","slug":"inhabil-judicial-en-todo-entre-rios-por-congresos-que-se-realizan-en-concordia","status":"publish","type":"post","link":"https:\/\/www.actualidadadiario.com\/index.php\/2016\/10\/20\/inhabil-judicial-en-todo-entre-rios-por-congresos-que-se-realizan-en-concordia\/","title":{"rendered":"Inh\u00e1bil judicial en todo Entre R\u00edos por congresos que se realizan en Concordia"},"content":{"rendered":"<p><em><strong>Vale recordar que as\u00ed lo estableci\u00f3 el Superior Tribunal de Justicia de Entre R\u00edos, al declarar de Inter\u00e9s Judicial el \u201cXII Congreso Provincial de Derecho\u201d y \u201c6\u00ba Congreso Entrerriano de Derecho del Trabajo\u201d<\/strong><\/em><\/p>\n<p>&nbsp;<\/p>\n<p>&nbsp;<\/p>\n<p>&nbsp;<\/p>\n<p>&nbsp;<\/p>\n<p>&nbsp;<\/p>\n<p>Ambos eventos se celebrar\u00e1n en Concordia, del 20 al 22 de octubre, por lo que se estableci\u00f3 que este jueves 20 y viernes 21 ser\u00e1n inh\u00e1bil judicial en toda la provincia.<\/p>\n<p>&nbsp;<\/p>\n<p>El m\u00e1ximo \u00f3rgano de la justicia entrerriana entendi\u00f3 que los congresos conllevan gran trascendencia e importancia institucional, dado que se abordar\u00e1n temas de actualidad y de inter\u00e9s para todos los abogados de la provincia.<\/p>\n<p>&nbsp;<\/p>\n<p>El objetivo de tal declaraci\u00f3n es permitir la concurrencia masiva de magistrados, funcionarios y abogados.<\/p>\n<p>&nbsp;<\/p>\n<p>En ese sentido, se record\u00f3 que en todas las dependencias del Poder Judicial de la provincia, durante este jueves y viernes, se suspender\u00e1n los plazos procesales y las audiencias, y no se atender\u00e1 al p\u00fablico, a excepci\u00f3n de las Mesas de Informaci\u00f3n Permanente de Paran\u00e1 y Concordia, que atender\u00e1n normalmente, como es habitual, durante las 24 horas.<\/p>\n<p>&nbsp;<\/p>\n<p>Para m\u00e1s informaci\u00f3n sobre el XII Congreso Provincial de Derecho y 6\u00ba Congreso Entrerriano de Derecho del Trabajo, se puede consultar el sitio http:\/\/www.congresoderecho2016.com.ar\/<\/p>\n","protected":false},"excerpt":{"rendered":"<p>Vale recordar que as\u00ed lo estableci\u00f3 el Superior Tribunal de Justicia de Entre R\u00edos, al declarar de Inter\u00e9s Judicial el \u201cXII Congreso Provincial de Derecho\u201d y \u201c6\u00ba Congreso Entrerriano de Derecho del Trabajo\u201d &nbsp; &nbsp; &nbsp; &nbsp; &nbsp; Ambos eventos se celebrar\u00e1n en Concordia, del 20 al 22 de octubre, por lo que se estableci\u00f3 que este jueves 20 y viernes 21 ser\u00e1n inh\u00e1bil judicial en toda la provincia. &nbsp; El m\u00e1ximo \u00f3rgano de la justicia entrerriana entendi\u00f3 que los congresos conllevan gran trascendencia e importancia institucional, dado que se&#8230;<\/p>\n","protected":false},"author":3,"featured_media":3010,"comment_status":"closed","ping_status":"closed","sticky":false,"template":"","format":"standard","meta":[],"categories":[15],"tags":[],"_links":{"self":[{"href":"https:\/\/www.actualidadadiario.com\/index.php\/wp-json\/wp\/v2\/posts\/3009"}],"collection":[{"href":"https:\/\/www.actualidadadiario.com\/index.php\/wp-json\/wp\/v2\/posts"}],"about":[{"href":"https:\/\/www.actualidadadiario.com\/index.php\/wp-json\/wp\/v2\/types\/post"}],"author":[{"embeddable":true,"href":"https:\/\/www.actualidadadiario.com\/index.php\/wp-json\/wp\/v2\/users\/3"}],"replies":[{"embeddable":true,"href":"https:\/\/www.actualidadadiario.com\/index.php\/wp-json\/wp\/v2\/comments?post=3009"}],"version-history":[{"count":1,"href":"https:\/\/www.actualidadadiario.com\/index.php\/wp-json\/wp\/v2\/posts\/3009\/revisions"}],"predecessor-version":[{"id":3011,"href":"https:\/\/www.actualidadadiario.com\/index.php\/wp-json\/wp\/v2\/posts\/3009\/revisions\/3011"}],"wp:featuredmedia":[{"embeddable":true,"href":"https:\/\/www.actualidadadiario.com\/index.php\/wp-json\/wp\/v2\/media\/3010"}],"wp:attachment":[{"href":"https:\/\/www.actualidadadiario.com\/index.php\/wp-json\/wp\/v2\/media?parent=3009"}],"wp:term":[{"taxonomy":"category","embeddable":true,"href":"https:\/\/www.actualidadadiario.com\/index.php\/wp-json\/wp\/v2\/categories?post=3009"},{"taxonomy":"post_tag","embeddable":true,"href":"https:\/\/www.actualidadadiario.com\/index.php\/wp-json\/wp\/v2\/tags?post=3009"}],"curies":[{"name":"wp","href":"https:\/\/api.w.org\/{rel}","templated":true}]}}