{"id":3003,"date":"2016-10-20T10:05:07","date_gmt":"2016-10-20T13:05:07","guid":{"rendered":"http:\/\/actualidadadiario.com\/site\/?p=3003"},"modified":"2016-10-20T10:05:07","modified_gmt":"2016-10-20T13:05:07","slug":"coti-y-los-nocheros-se-suman-a-marama-en-la-fiesta-del-lago","status":"publish","type":"post","link":"https:\/\/www.actualidadadiario.com\/index.php\/2016\/10\/20\/coti-y-los-nocheros-se-suman-a-marama-en-la-fiesta-del-lago\/","title":{"rendered":"Coti y Los Nocheros se suman a Marama en la Fiesta del Lago"},"content":{"rendered":"<p><em><strong>Desde la organizaci\u00f3n indicaron a este medio que contar\u00e1n con la presencia de tres reconocidos artistas internacionales y otras actividades de playa. Habr\u00e1 un bono bonificado a la venta por todas las noches<\/strong><\/em><\/p>\n<p>&nbsp;<\/p>\n<p>&nbsp;<\/p>\n<p>&nbsp;<\/p>\n<p>Desde el jueves 12 al 15 de enero del 2017, se realizar\u00e1 en la ciudad de Federaci\u00f3n la 34\u00b0 edici\u00f3n de la Fiesta Nacional del Lago que tendr\u00e1 varias actividades y shows especiales.<\/p>\n<p>&nbsp;<\/p>\n<p>Al respecto, la Secretaria de Turismo de Federaci\u00f3n, Graciela Racedo, cont\u00f3 que \u201cnos venimos preparando bien con el apoyo de varias empresas y ya tenemos una grilla confirmada con tres artistas importantes, que son Los Nocheros, Coti Sorokin y Marama\u201d.<\/p>\n<p>&nbsp;<\/p>\n<p>Adem\u00e1s habr\u00e1 eventos deportivas de nivel nacional e internacional, como lo es la Regata del Lago de Salto Grande que van a participar todos los clubes n\u00e1uticos de Salto, Concordia y la zona de Santa Ana y Chajar\u00ed, sumado a \u201cimportantes encuentros de motos de agua y ski en lo que es una nueva edici\u00f3n del torneo nacional\u201d, como as\u00ed tambi\u00e9n \u201cel torneo de pesca que se viene consolidando en el marco de la fiesta\u201d, precis\u00f3 Racedo.<\/p>\n<p>&nbsp;<\/p>\n<p>Agreg\u00f3 que \u201centre otras actividades tendremos el beach v\u00f3ley, hockey beach y nataci\u00f3n&#8221; y como entretenimiento &#8220;haremos paseos en gomones gratuitos y un sinf\u00edn de eventos para disfrutar de la playa\u201d.<\/p>\n<p>&nbsp;<\/p>\n<p>Acerca de la cantidad de visitantes que esperan recibir, la Secretaria de Turismo se\u00f1al\u00f3 que \u201cen la noche del espect\u00e1culo se recibe entre ocho y diez mil personas\u201d, mientras que \u201cdespu\u00e9s tenemos que sumarle la gente que va a la playa y las termas, que supera la capacidad habitual de la ciudad\u201d.<\/p>\n<p>&nbsp;<\/p>\n<p>Por \u00faltimo, la funcionaria recalc\u00f3 que hasta el pr\u00f3ximo 31 de octubre se vender\u00e1 un bono para todas las noches, el mismo tendr\u00e1 un valor de 450 pesos.<\/p>\n","protected":false},"excerpt":{"rendered":"<p>Desde la organizaci\u00f3n indicaron a este medio que contar\u00e1n con la presencia de tres reconocidos artistas internacionales y otras actividades de playa. Habr\u00e1 un bono bonificado a la venta por todas las noches &nbsp; &nbsp; &nbsp; Desde el jueves 12 al 15 de enero del 2017, se realizar\u00e1 en la ciudad de Federaci\u00f3n la 34\u00b0 edici\u00f3n de la Fiesta Nacional del Lago que tendr\u00e1 varias actividades y shows especiales. &nbsp; Al respecto, la Secretaria de Turismo de Federaci\u00f3n, Graciela Racedo, cont\u00f3 que \u201cnos venimos preparando bien con el apoyo de&#8230;<\/p>\n","protected":false},"author":3,"featured_media":3004,"comment_status":"closed","ping_status":"closed","sticky":false,"template":"","format":"standard","meta":[],"categories":[4],"tags":[],"_links":{"self":[{"href":"https:\/\/www.actualidadadiario.com\/index.php\/wp-json\/wp\/v2\/posts\/3003"}],"collection":[{"href":"https:\/\/www.actualidadadiario.com\/index.php\/wp-json\/wp\/v2\/posts"}],"about":[{"href":"https:\/\/www.actualidadadiario.com\/index.php\/wp-json\/wp\/v2\/types\/post"}],"author":[{"embeddable":true,"href":"https:\/\/www.actualidadadiario.com\/index.php\/wp-json\/wp\/v2\/users\/3"}],"replies":[{"embeddable":true,"href":"https:\/\/www.actualidadadiario.com\/index.php\/wp-json\/wp\/v2\/comments?post=3003"}],"version-history":[{"count":1,"href":"https:\/\/www.actualidadadiario.com\/index.php\/wp-json\/wp\/v2\/posts\/3003\/revisions"}],"predecessor-version":[{"id":3005,"href":"https:\/\/www.actualidadadiario.com\/index.php\/wp-json\/wp\/v2\/posts\/3003\/revisions\/3005"}],"wp:featuredmedia":[{"embeddable":true,"href":"https:\/\/www.actualidadadiario.com\/index.php\/wp-json\/wp\/v2\/media\/3004"}],"wp:attachment":[{"href":"https:\/\/www.actualidadadiario.com\/index.php\/wp-json\/wp\/v2\/media?parent=3003"}],"wp:term":[{"taxonomy":"category","embeddable":true,"href":"https:\/\/www.actualidadadiario.com\/index.php\/wp-json\/wp\/v2\/categories?post=3003"},{"taxonomy":"post_tag","embeddable":true,"href":"https:\/\/www.actualidadadiario.com\/index.php\/wp-json\/wp\/v2\/tags?post=3003"}],"curies":[{"name":"wp","href":"https:\/\/api.w.org\/{rel}","templated":true}]}}