{"id":3000,"date":"2016-10-20T10:04:21","date_gmt":"2016-10-20T13:04:21","guid":{"rendered":"http:\/\/actualidadadiario.com\/site\/?p=3000"},"modified":"2016-10-20T10:04:21","modified_gmt":"2016-10-20T13:04:21","slug":"usamos-bastones-porque-nunca-nos-arrodillaremos","status":"publish","type":"post","link":"https:\/\/www.actualidadadiario.com\/index.php\/2016\/10\/20\/usamos-bastones-porque-nunca-nos-arrodillaremos\/","title":{"rendered":"\u201cUsamos bastones porque nunca nos arrodillaremos\u201d"},"content":{"rendered":"<p><em><strong>Estela de Carlotto expuso en el Congreso Nacional de Extensi\u00f3n, en Paran\u00e1, junto a Amanda Toubes y Noem\u00ed Labrune. Habl\u00f3 sobre \u201cDerechos humanos e intervenciones universitarias\u201d y dijo que \u201cseguimos luchando por m\u00e1s verdad, memoria y justicia\u201d<\/strong><\/em><\/p>\n<p>&nbsp;<\/p>\n<p>&nbsp;<\/p>\n<p>Su presencia por s\u00ed sola basta para convocar y atraer la participaci\u00f3n, sobre todo de muchos j\u00f3venes, que la consideran una referente y un emblema. Esta vez, fue en el marco del VII Congreso Nacional de Extensi\u00f3n Universitaria donde Estela Barnes de Carlotto, presidenta de la Asociaci\u00f3n Abuelas de Plaza de Mayo, dej\u00f3 su sello con palabras contundentes, c\u00e1lidas y esperanzadoras. Autoridades, estudiantes y militantes la aplaudieron y la abrazaron.<\/p>\n<p>&nbsp;<\/p>\n<p>Convocada al evento acad\u00e9mico que se desarrolla en Paran\u00e1, organizado por la Universidad Aut\u00f3noma de Entre R\u00edos (UADER), Carlotto form\u00f3 parte de una conferencia sobre el eje \u201cDerechos humanos e intervenciones universitarias. Pr\u00e1cticas en contextos actuales\u201d, en la cual tambi\u00e9n disertaron la ex editora del Centro Editor de Am\u00e9rica Latina, Amanda Toubes, y la fundadora de la Asamblea Permanente por los Derechos Humanos, Noem\u00ed Labrune.<\/p>\n<p>&nbsp;<\/p>\n<p>Despu\u00e9s de agradecer la convocatoria, dijo que \u201ctenemos que concentrarnos en seguir haciendo nuestro trabajo junto a las universidades; no fue f\u00e1cil estar en la lucha, pero nos uni\u00f3 el dolor ante la circunstancia de no volver a ver a nuestros hijos\u201d.<\/p>\n<p>&nbsp;<\/p>\n<p>Carlotto se\u00f1al\u00f3 que \u201cdespu\u00e9s de recorrer el mundo con nuestra b\u00fasqueda, seguimos y seguiremos caminando; usamos bast\u00f3n porque nunca nos arrodillaremos\u201d.<\/p>\n<p>&nbsp;<\/p>\n<p>Con \u00e9nfasis, indic\u00f3 que \u201cla vida nos hizo sacar una fuerza desconocida\u201d y que \u201cestamos y vamos a estar, nos cambia la cara cada vez que encontramos un nieto, por eso seguimos por m\u00e1s verdad, memoria y justicia; todos tenemos que luchar desde el coraz\u00f3n, sin ego\u00edsmos, y junto a las universidades seguir trabajando por m\u00e1s derechos\u201d.<\/p>\n<p>&nbsp;<\/p>\n<p>&nbsp;<\/p>\n<p>&nbsp;<\/p>\n<p><strong>Vigencia curricular para los derechos humanos<\/strong><\/p>\n<p>Noem\u00ed Labrune dijo que \u201clo que me moviliz\u00f3 a venirme desde la Patagonia es dar vigencia curricular a la formaci\u00f3n de derechos humanos en todas las facultades de la Universidad del Comahue, para lo cual se requiere estudiantes, docentes y extensionistas comprometidos\u201d.<\/p>\n<p>&nbsp;<\/p>\n<p>Tambi\u00e9n habl\u00f3 de aprovechar el Congreso para \u201cexpresarnos, estudiar e intercambiar sobre los desaf\u00edos que nos permitan avanzar hacia una universidad p\u00fablica plena de derechos humanos, donde se escuchen distintas voces, saberes y compromisos con la sociedad\u201d.<\/p>\n<p>&nbsp;<\/p>\n<p>La referente inst\u00f3 a \u201cformar ciudadanos conscientes en todo lo referido a juicios por delitos de lesa humanidad, trabajando juntos diversos actores sociales para hacer una sociedad diferente\u201d.<\/p>\n<p>&nbsp;<\/p>\n<p>Amanda Toubes, en tanto, record\u00f3 que \u201cfue una lucha hacer extensi\u00f3n desde la Universidad\u201d durante la \u00e9poca de la dictadura c\u00edvico militar. \u201cEs en la universidad donde hay que comenzar a hacer un ejercicio de concientizaci\u00f3n y democratizaci\u00f3n, de educaci\u00f3n permanente, de pr\u00e1cticas educativas y derechos humanos\u201d.<\/p>\n<p>&nbsp;<\/p>\n<p>Esta mesa de disertantes fue moderada por la Decana de la Facultad de Humanidades, Artes y Ciencias Sociales, Mg. Rosario Badano. Se desarroll\u00f3 en la primera jornada del Congreso, el mi\u00e9rcoles 19 de octubre, luego de la ceremonia de apertura.<\/p>\n","protected":false},"excerpt":{"rendered":"<p>Estela de Carlotto expuso en el Congreso Nacional de Extensi\u00f3n, en Paran\u00e1, junto a Amanda Toubes y Noem\u00ed Labrune. Habl\u00f3 sobre \u201cDerechos humanos e intervenciones universitarias\u201d y dijo que \u201cseguimos luchando por m\u00e1s verdad, memoria y justicia\u201d &nbsp; &nbsp; Su presencia por s\u00ed sola basta para convocar y atraer la participaci\u00f3n, sobre todo de muchos j\u00f3venes, que la consideran una referente y un emblema. Esta vez, fue en el marco del VII Congreso Nacional de Extensi\u00f3n Universitaria donde Estela Barnes de Carlotto, presidenta de la Asociaci\u00f3n Abuelas de Plaza de&#8230;<\/p>\n","protected":false},"author":3,"featured_media":3001,"comment_status":"closed","ping_status":"closed","sticky":false,"template":"","format":"standard","meta":[],"categories":[4],"tags":[],"_links":{"self":[{"href":"https:\/\/www.actualidadadiario.com\/index.php\/wp-json\/wp\/v2\/posts\/3000"}],"collection":[{"href":"https:\/\/www.actualidadadiario.com\/index.php\/wp-json\/wp\/v2\/posts"}],"about":[{"href":"https:\/\/www.actualidadadiario.com\/index.php\/wp-json\/wp\/v2\/types\/post"}],"author":[{"embeddable":true,"href":"https:\/\/www.actualidadadiario.com\/index.php\/wp-json\/wp\/v2\/users\/3"}],"replies":[{"embeddable":true,"href":"https:\/\/www.actualidadadiario.com\/index.php\/wp-json\/wp\/v2\/comments?post=3000"}],"version-history":[{"count":1,"href":"https:\/\/www.actualidadadiario.com\/index.php\/wp-json\/wp\/v2\/posts\/3000\/revisions"}],"predecessor-version":[{"id":3002,"href":"https:\/\/www.actualidadadiario.com\/index.php\/wp-json\/wp\/v2\/posts\/3000\/revisions\/3002"}],"wp:featuredmedia":[{"embeddable":true,"href":"https:\/\/www.actualidadadiario.com\/index.php\/wp-json\/wp\/v2\/media\/3001"}],"wp:attachment":[{"href":"https:\/\/www.actualidadadiario.com\/index.php\/wp-json\/wp\/v2\/media?parent=3000"}],"wp:term":[{"taxonomy":"category","embeddable":true,"href":"https:\/\/www.actualidadadiario.com\/index.php\/wp-json\/wp\/v2\/categories?post=3000"},{"taxonomy":"post_tag","embeddable":true,"href":"https:\/\/www.actualidadadiario.com\/index.php\/wp-json\/wp\/v2\/tags?post=3000"}],"curies":[{"name":"wp","href":"https:\/\/api.w.org\/{rel}","templated":true}]}}