{"id":300,"date":"2016-08-25T09:03:49","date_gmt":"2016-08-25T12:03:49","guid":{"rendered":"http:\/\/actualidadadiario.com\/site\/?p=300"},"modified":"2016-08-25T09:03:49","modified_gmt":"2016-08-25T12:03:49","slug":"productores-de-leche-tambien-regalaran-sus-productos-en-plaza-de-mayo","status":"publish","type":"post","link":"https:\/\/www.actualidadadiario.com\/index.php\/2016\/08\/25\/productores-de-leche-tambien-regalaran-sus-productos-en-plaza-de-mayo\/","title":{"rendered":"Productores de leche tambi\u00e9n regalar\u00e1n sus productos en Plaza de Mayo"},"content":{"rendered":"<h3 style=\"background: white; margin: 7.5pt 0cm 7.5pt 0cm;\"><em><strong><span style=\"font-size: 15pt; line-height: 115%; font-family: Helvetica, sans-serif; color: black;\">El vicepresidente de la asociaci\u00f3n que nuclea a peque\u00f1os productores lecheros, Juan Manuel Otero, expres\u00f3 que har\u00e1n esta medida porque &#8220;necesitamos un precio justo para poder producir&#8221;, reclam\u00f3<\/span><\/strong><\/em><\/h3>\n<p class=\"preview\" style=\"background: white;\"><span style=\"font-size: 14.0pt; font-family: 'Arial','sans-serif'; color: black;\">\u00a0<\/span><\/p>\n<p class=\"preview\" style=\"background: white;\"><span style=\"font-size: 14.0pt; font-family: 'Arial','sans-serif'; color: black;\">\u00a0<\/span><\/p>\n<p style=\"line-height: 17.15pt; background: white; margin: 0cm 0cm 7.5pt 0cm;\"><span style=\"font-family: 'Arial','sans-serif'; color: black;\">El drama de unos y otros volver\u00e1 a hacerse visible en Plaza de Mayo.\u00a0Al igual que los productores frut\u00edcolas de R\u00edo Negro,\u00a0los tamberos regalaran en los pr\u00f3ximos d\u00edas miles de litro de leche en Plaza de Mayo\u00a0para denunciar la crisis que vive el sector.<\/span><\/p>\n<p style=\"line-height: 17.15pt; background: white; box-sizing: border-box; font-variant-ligatures: normal; font-variant-caps: normal; orphans: 2; text-align: start; widows: 2; -webkit-text-stroke-width: 0px; word-spacing: 0px; margin: 0cm 0cm 7.5pt 0cm;\"><span style=\"font-family: 'Arial','sans-serif'; color: black;\">En declaraciones a\u00a0Radio 10,\u00a0Juan Manuel Otero, vicepresidente de la asociaci\u00f3n que nuclea a peque\u00f1os productores lecheros, confirm\u00f3 que la protesta se realizar\u00e1 &#8220;en una o dos semanas&#8221; dado que tienen que preparar la log\u00edstica para trasladar el producto a Capital Federal.<\/span><\/p>\n<p style=\"line-height: 17.15pt; background: white; box-sizing: border-box; font-variant-ligatures: normal; font-variant-caps: normal; orphans: 2; text-align: start; widows: 2; -webkit-text-stroke-width: 0px; word-spacing: 0px; margin: 0cm 0cm 7.5pt 0cm;\"><span style=\"font-family: 'Arial','sans-serif'; color: black;\">Otero explic\u00f3 que cobran 4 pesos en promedio por litro, mientras en la g\u00f3ndola llega a 18 pesos. Por eso, la protesta ser\u00e1 similar a la de los productores de peras y manzanas de R\u00edo Negro. As\u00ed, los lecheros regalar\u00e1n &#8220;uno o dos sachets de leche por persona&#8221; en Plaza de Mayo.<\/span><\/p>\n<p style=\"line-height: 17.15pt; background: white; box-sizing: border-box; font-variant-ligatures: normal; font-variant-caps: normal; orphans: 2; text-align: start; widows: 2; -webkit-text-stroke-width: 0px; word-spacing: 0px; margin: 0cm 0cm 7.5pt 0cm;\"><span style=\"font-family: 'Arial','sans-serif'; color: black;\">&#8220;El gran problema es la gran cantidad de mano de obra que da el tambo y que ahora muchos de ellos se est\u00e1n cerrando o achicando&#8221;, manifest\u00f3.\u00a0Y agreg\u00f3:\u00a0&#8220;Nos pagan por una leche entera y de ah\u00ed salen todos los productos, por eso el rendimiento es mayor&#8221;.<\/span><\/p>\n","protected":false},"excerpt":{"rendered":"<p>El vicepresidente de la asociaci\u00f3n que nuclea a peque\u00f1os productores lecheros, Juan Manuel Otero, expres\u00f3 que har\u00e1n esta medida porque &#8220;necesitamos un precio justo para poder producir&#8221;, reclam\u00f3 \u00a0 \u00a0 El drama de unos y otros volver\u00e1 a hacerse visible en Plaza de Mayo.\u00a0Al igual que los productores frut\u00edcolas de R\u00edo Negro,\u00a0los tamberos regalaran en los pr\u00f3ximos d\u00edas miles de litro de leche en Plaza de Mayo\u00a0para denunciar la crisis que vive el sector. En declaraciones a\u00a0Radio 10,\u00a0Juan Manuel Otero, vicepresidente de la asociaci\u00f3n que nuclea a peque\u00f1os productores lecheros,&#8230;<\/p>\n","protected":false},"author":3,"featured_media":301,"comment_status":"closed","ping_status":"open","sticky":false,"template":"","format":"standard","meta":[],"categories":[2],"tags":[],"_links":{"self":[{"href":"https:\/\/www.actualidadadiario.com\/index.php\/wp-json\/wp\/v2\/posts\/300"}],"collection":[{"href":"https:\/\/www.actualidadadiario.com\/index.php\/wp-json\/wp\/v2\/posts"}],"about":[{"href":"https:\/\/www.actualidadadiario.com\/index.php\/wp-json\/wp\/v2\/types\/post"}],"author":[{"embeddable":true,"href":"https:\/\/www.actualidadadiario.com\/index.php\/wp-json\/wp\/v2\/users\/3"}],"replies":[{"embeddable":true,"href":"https:\/\/www.actualidadadiario.com\/index.php\/wp-json\/wp\/v2\/comments?post=300"}],"version-history":[{"count":1,"href":"https:\/\/www.actualidadadiario.com\/index.php\/wp-json\/wp\/v2\/posts\/300\/revisions"}],"predecessor-version":[{"id":302,"href":"https:\/\/www.actualidadadiario.com\/index.php\/wp-json\/wp\/v2\/posts\/300\/revisions\/302"}],"wp:featuredmedia":[{"embeddable":true,"href":"https:\/\/www.actualidadadiario.com\/index.php\/wp-json\/wp\/v2\/media\/301"}],"wp:attachment":[{"href":"https:\/\/www.actualidadadiario.com\/index.php\/wp-json\/wp\/v2\/media?parent=300"}],"wp:term":[{"taxonomy":"category","embeddable":true,"href":"https:\/\/www.actualidadadiario.com\/index.php\/wp-json\/wp\/v2\/categories?post=300"},{"taxonomy":"post_tag","embeddable":true,"href":"https:\/\/www.actualidadadiario.com\/index.php\/wp-json\/wp\/v2\/tags?post=300"}],"curies":[{"name":"wp","href":"https:\/\/api.w.org\/{rel}","templated":true}]}}