{"id":2997,"date":"2016-10-20T10:03:36","date_gmt":"2016-10-20T13:03:36","guid":{"rendered":"http:\/\/actualidadadiario.com\/site\/?p=2997"},"modified":"2016-10-20T10:03:36","modified_gmt":"2016-10-20T13:03:36","slug":"violencia-de-genero-es-urgente-la-interpelacion-que-nos-debemos-como-sociedad","status":"publish","type":"post","link":"https:\/\/www.actualidadadiario.com\/index.php\/2016\/10\/20\/violencia-de-genero-es-urgente-la-interpelacion-que-nos-debemos-como-sociedad\/","title":{"rendered":"Violencia de g\u00e9nero: \u201cEs urgente la interpelaci\u00f3n que nos debemos como sociedad\u201d"},"content":{"rendered":"<p><em><strong>As\u00ed lo expres\u00f3 la senadora nacional Sigrid Kunath en su discurso en la sesi\u00f3n del Senado en la que se aprob\u00f3 el proyecto de ley que ampl\u00eda al 50% la representaci\u00f3n de la mujer en los cargos nacionales electivos y partidarios y la iniciativa de la legisladora entrerriana para incorporar contenidos con perspectiva de g\u00e9nero en las escuelas del pa\u00eds, que se realiz\u00f3 previamente a la movilizaci\u00f3n a Plaza de Mayo bajo las consignas \u201cNi una menos\u201d y \u201cVivas nos queremos\u201d<\/strong><\/em><\/p>\n<p>&nbsp;<\/p>\n<p>&nbsp;<\/p>\n<p>&nbsp;<\/p>\n<p>&nbsp;<\/p>\n<p>\u201cHoy es un d\u00eda de sensaciones contradictorias, atravesado por la tristeza y el dolor que se expresa en un paro y en una nueva movilizaci\u00f3n cuya consigna plantea que no haya m\u00e1s femicidios ni violencia contra las mujeres y que nos invita a la interpelaci\u00f3n de manera ineludible y obligatoria. Pero tambi\u00e9n es un d\u00eda de avances en materia legislativa con estas medias sanciones alcanzadas\u201d, se\u00f1al\u00f3 Kunath.<\/p>\n<p>&nbsp;<\/p>\n<p>&#8220;La interpelaci\u00f3n \u2013agreg\u00f3- como sociedad y de cada uno de nosotros es urgente. Tiene que ocurrir tratando y aprobando leyes que promuevan la igualdad pero tambi\u00e9n moviliz\u00e1ndose y en la revisi\u00f3n de c\u00f3mo queremos ser educados, c\u00f3mo queremos relacionarnos y a qu\u00e9 cosas aspiramos como sociedad. Tambi\u00e9n debemos revisar estereotipos y mandatos culturales que definen como una mujer \u2018debe ser\u2019, para poder construir entre todos y todas una nueva forma de relacionarnos donde haya menos desigualdades\u201d.<\/p>\n<p>&nbsp;<\/p>\n<p>\u201cSi no ponemos en crisis los mandatos culturales que profundizan estereotipos no habremos si quiera empezado\u201d, asever\u00f3.<\/p>\n<p>&nbsp;<\/p>\n<p>&nbsp;<\/p>\n<p>&nbsp;<\/p>\n<p>&nbsp;<\/p>\n<p><strong>Herramientas en la escuela contra la violencia y la discriminaci\u00f3n<\/strong><\/p>\n<p>En la sesi\u00f3n de hoy el Senado aprob\u00f3 un proyecto de ley de la senadora Kunath -para el que se tuvo en cuenta tambi\u00e9n otra iniciativa de la senadora In\u00e9s Blas-, que propone que \u201clos contenidos que se dan en las escuelas de todo el pa\u00eds tengan perspectiva de g\u00e9nero y enfoques que contribuyan a erradicar las violencias en las relaciones interpersonales\u201d, explic\u00f3 la legisladora quien resalt\u00f3 que \u201cel trabajo educativo con los ni\u00f1os, ni\u00f1as y adolescentes es una estrategia por excelencia que podemos darnos para construir una sociedad sin violencias y que podamos, desde la infancia, apoderarnos de nuestros derechos para evitar o superar situaciones de vulnerabilidad y crecer en igualdad y respeto\u201d.<\/p>\n<p>&nbsp;<\/p>\n<p>Esta iniciativa propone modificar el texto en el art\u00edculo 92 de la Ley 26206 de Educaci\u00f3n Nacional, respecto a los contenidos y enfoques que contribuyan a generar relaciones basadas en la igualdad, la solidaridad y el respeto, aclarando \u201centre todas las personas, sin distinci\u00f3n de su sexo y g\u00e9nero y a erradicar los estereotipos que hist\u00f3rica y socialmente legitiman la desigualdad y el uso de la violencia entre ellos\u201d; e incorpora como nuevo inciso al mismo art\u00edculo el texto: \u201cla educaci\u00f3n por la paz y la resoluci\u00f3n amigable de conflictos, deslegitimando las violencias en las relaciones interpersonales y afirmando el principio de igualdad e inclusi\u00f3n social\u201d.<\/p>\n<p>&nbsp;<\/p>\n<p>\u201cHay que brindarles herramientas a los ni\u00f1os, ni\u00f1as y adolescentes para que puedan saber cu\u00e1ndo est\u00e1n frente a un hecho o una conducta violenta, que muchas veces son naturalizados y considerados &#8220;normales&#8221; en las relaciones familiares, amorosas, entre compa\u00f1eros\u00a0 o de cualquier tipo\u201d, manifest\u00f3 Kunath.<\/p>\n<p>&nbsp;<\/p>\n<p>Y subray\u00f3: \u201cel trabajo educativo con los ni\u00f1os, ni\u00f1as y adolescentes es una estrategia por excelencia que podemos darnos para construir una sociedad sin violencias y que podamos, desde la infancia, apoderarnos de nuestros derechos para evitar o superar situaciones de vulnerabilidad\u201d.<\/p>\n","protected":false},"excerpt":{"rendered":"<p>As\u00ed lo expres\u00f3 la senadora nacional Sigrid Kunath en su discurso en la sesi\u00f3n del Senado en la que se aprob\u00f3 el proyecto de ley que ampl\u00eda al 50% la representaci\u00f3n de la mujer en los cargos nacionales electivos y partidarios y la iniciativa de la legisladora entrerriana para incorporar contenidos con perspectiva de g\u00e9nero en las escuelas del pa\u00eds, que se realiz\u00f3 previamente a la movilizaci\u00f3n a Plaza de Mayo bajo las consignas \u201cNi una menos\u201d y \u201cVivas nos queremos\u201d &nbsp; &nbsp; &nbsp; &nbsp; \u201cHoy es un d\u00eda de&#8230;<\/p>\n","protected":false},"author":3,"featured_media":2998,"comment_status":"closed","ping_status":"closed","sticky":false,"template":"","format":"standard","meta":[],"categories":[15],"tags":[],"_links":{"self":[{"href":"https:\/\/www.actualidadadiario.com\/index.php\/wp-json\/wp\/v2\/posts\/2997"}],"collection":[{"href":"https:\/\/www.actualidadadiario.com\/index.php\/wp-json\/wp\/v2\/posts"}],"about":[{"href":"https:\/\/www.actualidadadiario.com\/index.php\/wp-json\/wp\/v2\/types\/post"}],"author":[{"embeddable":true,"href":"https:\/\/www.actualidadadiario.com\/index.php\/wp-json\/wp\/v2\/users\/3"}],"replies":[{"embeddable":true,"href":"https:\/\/www.actualidadadiario.com\/index.php\/wp-json\/wp\/v2\/comments?post=2997"}],"version-history":[{"count":1,"href":"https:\/\/www.actualidadadiario.com\/index.php\/wp-json\/wp\/v2\/posts\/2997\/revisions"}],"predecessor-version":[{"id":2999,"href":"https:\/\/www.actualidadadiario.com\/index.php\/wp-json\/wp\/v2\/posts\/2997\/revisions\/2999"}],"wp:featuredmedia":[{"embeddable":true,"href":"https:\/\/www.actualidadadiario.com\/index.php\/wp-json\/wp\/v2\/media\/2998"}],"wp:attachment":[{"href":"https:\/\/www.actualidadadiario.com\/index.php\/wp-json\/wp\/v2\/media?parent=2997"}],"wp:term":[{"taxonomy":"category","embeddable":true,"href":"https:\/\/www.actualidadadiario.com\/index.php\/wp-json\/wp\/v2\/categories?post=2997"},{"taxonomy":"post_tag","embeddable":true,"href":"https:\/\/www.actualidadadiario.com\/index.php\/wp-json\/wp\/v2\/tags?post=2997"}],"curies":[{"name":"wp","href":"https:\/\/api.w.org\/{rel}","templated":true}]}}