{"id":2988,"date":"2016-10-20T10:01:13","date_gmt":"2016-10-20T13:01:13","guid":{"rendered":"http:\/\/actualidadadiario.com\/site\/?p=2988"},"modified":"2016-10-20T10:01:13","modified_gmt":"2016-10-20T13:01:13","slug":"el-consejo-empresario-le-presento-a-bordet-un-proyecto-de-desarrollo-productivo-entrerriano","status":"publish","type":"post","link":"https:\/\/www.actualidadadiario.com\/index.php\/2016\/10\/20\/el-consejo-empresario-le-presento-a-bordet-un-proyecto-de-desarrollo-productivo-entrerriano\/","title":{"rendered":"El Consejo Empresario le present\u00f3 a Bordet un proyecto de desarrollo productivo entrerriano"},"content":{"rendered":"<p><em><strong>Directivos del Consejo Empresario de Entre R\u00edos presentaron al gobernador Gustavo Bordet el proyecto de desarrollo productivo que est\u00e1 desarrollando el Foro de Entidades Empresarias de la Regi\u00f3n Centro. Desde la entidad destacaron la apertura del gobierno para trabajar articuladamente entre sector p\u00fablico y privado y anunciaron su apoyo a la iniciativa que elev\u00f3 mandatario a la Legislatura para potenciar el desarrollo foresto industrial de la provincia<\/strong><\/em><\/p>\n<p>&nbsp;<\/p>\n<p>&nbsp;<\/p>\n<p>&nbsp;<\/p>\n<p>&nbsp;<\/p>\n<p>La presidenta del Consejo Empresario de Entre R\u00edos, Patricia Popelka, resalt\u00f3 que \u201cla actitud del gobierno es muy buena porque es abierta, le interesa escuchar a todos los sectores, le interesa articular de la mejor manera posible. Entre R\u00edos tiene mucho para desplegar y esperamos poder lograrlo para que los entrerrianos encuentren los puestos de trabajo de calidad que necesitamos&#8221;.<\/p>\n<p>Popelka, explic\u00f3 que en el proyecto que le presentaron al gobernador se seleccionaron tres cadenas principales: las prote\u00ednas c\u00e1rnicas, la del turismo y la forestal\u201d. Agreg\u00f3 que se est\u00e1 trabajando en la primera, la de las prote\u00ednas. \u201cYa hemos conformado desde el Foro de Entidades Empresarias, junto con el INTA, INTI, Conicet y el Ministerio de la Producci\u00f3n, la mesa de gesti\u00f3n de la cadena de las prote\u00ednas c\u00e1rnicas.<\/p>\n<p>\u201cEn este momento estamos buscando un financiamiento para las mesas de t\u00e9cnicos que son los que se pondr\u00e1n a trabajar para encontrar la salida o la soluci\u00f3n sobre c\u00f3mo subsanar los obst\u00e1culos que ya est\u00e1n identificados para poder desarrollar con mayor potencialidad esta cadena&#8221;, precis\u00f3 Popelka y a\u00f1adi\u00f3: \u201cLe solicitamos al gobernador su apoyo para buscar fondos para financiar el estudio de la cadena de las prote\u00ednas c\u00e1rnicas ante el Consejo Federal de Inversiones (CFI)\u201d.<\/p>\n<p>\u201cHay obst\u00e1culos normativos que hacen a normas municipales, provinciales y nacionales y otros espec\u00edficamente t\u00e9cnicos o productivos para poder duplicar la producci\u00f3n maicera y a su vez tener una mayor producci\u00f3n de carne bovina y reflotar la relevancia que supieron tener los frigor\u00edficos&#8221;, indic\u00f3 Popelka. En este sentido, Bordet les coment\u00f3 de algunos proyectos vinculados a frigor\u00edficos que ya est\u00e1n avanzados en la provincia.<\/p>\n<p>&#8220;Hay muchas cosas que hay que subsanar y de distintos orden, tanto en las que est\u00e1 involucrado el sector p\u00fablico como el privado pero lo que queremos es que esta cadena, que tiene un potencial muy interesante en la provincia, pueda desplegarse&#8221;, coment\u00f3 tambi\u00e9n la presidenta del Consejo Empresario.<\/p>\n<p>&#8220;Los fondos que gestionamos ante el CFI no ser\u00e1n volcados espec\u00edficamente a los eslabones de la cadena propiamente dicha sino en encontrar los problemas que hoy hay&#8221;, sostuvo Popelka y aagreg\u00f3 que Bordet dio su total respaldo e incluso se puso en contacto con el representante de Entre R\u00edos ante el CFI, Rolando Kaheler, para que facilite las gestiones. &#8220;Este mi\u00e9rcoles nos reuniremos con Kaheler para poner en marcha este pedido de financiamiento&#8221;, indic\u00f3 la empresaria.<\/p>\n<p>&#8220;Se trata de una mesa de gesti\u00f3n para desarrollar la cadena que tiene un paradigma distinto. Es sentar a todos los actores, tanto del sector p\u00fablico como privado, en la misma mesa para analizar entre todos los obst\u00e1culos que se vayan presentando&#8221;, afirm\u00f3 Popelka.<\/p>\n<p>&nbsp;<\/p>\n<p>&nbsp;<\/p>\n<p><strong>Apoyo al proyecto de desarrollo foresto industrial\u00a0<\/strong><br \/>\nLas otras dos cadenas que han surgido del estudio que se ha hecho son la forestal y la del turismo. \u201cEn particular sobre la forestal, el gobernador nos dijo que hay un proyecto de ley de desarrollo foresto industrial presentado por el Ejecutivo en la Legislatura.<\/p>\n<p>Coincidimos en la importancia que tiene que puedan aunarse las miradas y llegar a un acuerdo para obtener un \u00fanico proyecto que resuma los intereses principales porque Entre R\u00edos tiene realmente condiciones extraordinarias para la forestaci\u00f3n y l\u00f3gicamente, atr\u00e1s de la forestaci\u00f3n viene la industria de la madera y creemos que realmente vale la pena hacer un esfuerzo para potenciarla\u201d, afirm\u00f3 Popelka.<\/p>\n<p>\u201cCreemos que la Ley que est\u00e1 vigente no representa cabalmente los intereses de la provincia. Es una ley que de alguna manera plantea una serie de obst\u00e1culos para el despliegue de esta cadena, que tiene tanto potencial para la provincia y que fue producto de una animosidad entendible en el contexto que se dio pero que no se condice con los tiempos que hoy vivimos. Como Consejo Empresario creemos que el desarrollo de la provincia necesariamente tiene que estar vinculado al emprendimiento y al sector privado. Y hoy hacer una cadena forestal no implica da\u00f1ar de manera irreversible el medioambiente. Entonces lo que hay que hacer es una ley inteligente que permita desarrollar la actividad foresto industrial y que permita dar la tranquilidad a la poblaci\u00f3n de que los par\u00e1metros de conservaci\u00f3n est\u00e1n respetados\u201d, indic\u00f3.<\/p>\n<p>\u201cEl Estado tiene que monitorear y controlar los vectores ambientales y establecer de qu\u00e9 manera debe realizarse la actividad pero no impedir que se haga. Ah\u00ed est\u00e1 el punto y en eso coincidimos plenamente con la visi\u00f3n del gobernador que est\u00e1 con un convencimiento pleno de que la cadena forestal es uno de los potenciales\u201d, expres\u00f3.<\/p>\n<p>Y agreg\u00f3: \u201cSabemos lo que significa la industria de la madera, sobre todo en la costa del Uruguay, y que los puestos que hoy se ocupan podr\u00edan inclusive ofrecer mayor calificaci\u00f3n porque hay trabajos que son muy primarios como las f\u00e1bricas de pallets y de tablas, pero eso podr\u00eda transformarse en madera con otro tipo de trabajo, con mayor valor agregado que sabemos que cuando m\u00e1s se agrega valor, los puestos que se pueden generar son de mayor calificaci\u00f3n, y por lo tanto de mayor calidad de vida\u201d.<\/p>\n<p>Respecto de la cadena del turismo, sostuvo que la costa del Uruguay ha tenido un desarrollo extraordinario, por distintas cosas: infraestructura, con la Autov\u00eda N\u00ba 14, los puentes de vinculaci\u00f3n con el Uruguay, las termas que han sido un centro de atracci\u00f3n muy importante. \u201cEl gobernador nos coment\u00f3 que est\u00e1n trabajando en un proyecto para replicar de alguna manera el desarrollo tur\u00edstico en la costa del Paran\u00e1, que est\u00e1 vinculado a algunas obras de infraestructura que son importantes, la uni\u00f3n de Piedras Blancas con Hernandarias por un camino costero, por ejemplo\u201d.<\/p>\n<p>A modo de balance, la presidenta del Consejo Empresario afirm\u00f3: \u201cFue muy productiva la reuni\u00f3n y muy interesante. Esperamos poder seguir trabajando y conformando estas mesas de gesti\u00f3n donde participan sectores privados, el sector p\u00fablico y los actores de la cadena pero con una mirada a mediano y largo plazo. El objetivo es conformar una mesa de gesti\u00f3n donde pueda plantearse un plan de desarrollo de cada una de esas cadenas a mediano y largo plazo, no estar pensando en la coyuntura y que nos permita mirar un poquito m\u00e1s hacia el horizonte\u201d.<\/p>\n","protected":false},"excerpt":{"rendered":"<p>Directivos del Consejo Empresario de Entre R\u00edos presentaron al gobernador Gustavo Bordet el proyecto de desarrollo productivo que est\u00e1 desarrollando el Foro de Entidades Empresarias de la Regi\u00f3n Centro. Desde la entidad destacaron la apertura del gobierno para trabajar articuladamente entre sector p\u00fablico y privado y anunciaron su apoyo a la iniciativa que elev\u00f3 mandatario a la Legislatura para potenciar el desarrollo foresto industrial de la provincia &nbsp; &nbsp; &nbsp; &nbsp; La presidenta del Consejo Empresario de Entre R\u00edos, Patricia Popelka, resalt\u00f3 que \u201cla actitud del gobierno es muy buena&#8230;<\/p>\n","protected":false},"author":3,"featured_media":2989,"comment_status":"closed","ping_status":"closed","sticky":false,"template":"","format":"standard","meta":[],"categories":[15],"tags":[],"_links":{"self":[{"href":"https:\/\/www.actualidadadiario.com\/index.php\/wp-json\/wp\/v2\/posts\/2988"}],"collection":[{"href":"https:\/\/www.actualidadadiario.com\/index.php\/wp-json\/wp\/v2\/posts"}],"about":[{"href":"https:\/\/www.actualidadadiario.com\/index.php\/wp-json\/wp\/v2\/types\/post"}],"author":[{"embeddable":true,"href":"https:\/\/www.actualidadadiario.com\/index.php\/wp-json\/wp\/v2\/users\/3"}],"replies":[{"embeddable":true,"href":"https:\/\/www.actualidadadiario.com\/index.php\/wp-json\/wp\/v2\/comments?post=2988"}],"version-history":[{"count":1,"href":"https:\/\/www.actualidadadiario.com\/index.php\/wp-json\/wp\/v2\/posts\/2988\/revisions"}],"predecessor-version":[{"id":2990,"href":"https:\/\/www.actualidadadiario.com\/index.php\/wp-json\/wp\/v2\/posts\/2988\/revisions\/2990"}],"wp:featuredmedia":[{"embeddable":true,"href":"https:\/\/www.actualidadadiario.com\/index.php\/wp-json\/wp\/v2\/media\/2989"}],"wp:attachment":[{"href":"https:\/\/www.actualidadadiario.com\/index.php\/wp-json\/wp\/v2\/media?parent=2988"}],"wp:term":[{"taxonomy":"category","embeddable":true,"href":"https:\/\/www.actualidadadiario.com\/index.php\/wp-json\/wp\/v2\/categories?post=2988"},{"taxonomy":"post_tag","embeddable":true,"href":"https:\/\/www.actualidadadiario.com\/index.php\/wp-json\/wp\/v2\/tags?post=2988"}],"curies":[{"name":"wp","href":"https:\/\/api.w.org\/{rel}","templated":true}]}}