{"id":29843,"date":"2018-07-10T11:32:09","date_gmt":"2018-07-10T14:32:09","guid":{"rendered":"https:\/\/www.actualidadadiario.com\/?p=29843"},"modified":"2018-11-06T19:42:04","modified_gmt":"2018-11-06T22:42:04","slug":"nacion-congela-ingreso-de-personal-al-estado","status":"publish","type":"post","link":"https:\/\/www.actualidadadiario.com\/index.php\/2018\/07\/10\/nacion-congela-ingreso-de-personal-al-estado\/","title":{"rendered":"Naci\u00f3n congela ingreso de personal al Estado"},"content":{"rendered":"<p><em><strong>El Gobierno oficializ\u00f3 este martes su decisi\u00f3n en ese sentido, para disminuir el gasto p\u00fablico en un 30 por ciento este a\u00f1o por ese concepto<\/strong><\/em><\/p>\n<p>&nbsp;<\/p>\n<p>&nbsp;<\/p>\n<p>&nbsp;<\/p>\n<p>&nbsp;<\/p>\n<p>&nbsp;<\/p>\n<p>El Gobierno oficializ\u00f3 este martes su decisi\u00f3n de congelar el ingreso de personal al Estado Nacional, para disminuir el gasto p\u00fablico en un 30% este a\u00f1o por ese concepto y lograr una &#8220;Administraci\u00f3n P\u00fablica m\u00e1s eficiente y eficaz&#8221;.<\/p>\n<p>&nbsp;<\/p>\n<p>La medida se formaliz\u00f3 a trav\u00e9s de un decreto publicado este martes en el Bolet\u00edn Oficial, con las firmas del presidente Mauricio Macri; del jefe de Gabinete, Marcos Pe\u00f1a y de los ministros de Hacienda, Nicol\u00e1s Dujovne, y de Modernizaci\u00f3n, Andr\u00e9s Ibarra.<\/p>\n<p>&nbsp;<\/p>\n<p>En el extenso texto oficial, la Casa Rosada estableci\u00f3 que las jurisdicciones y entidades del Poder Ejecutivo Nacional &#8220;no podr\u00e1n efectuar nuevas designaciones ni contrataciones de personal de cualquier naturaleza o fuente de financiamiento presupuestarias o no presupuestarias, hasta el 31 de diciembre de 2019&#8221;.<\/p>\n<p>&nbsp;<\/p>\n<p>El decreto except\u00faa a la Agencia Federal de Inteligencia, la Administraci\u00f3n Federal de Ingresos P\u00fablicos, el Servicio Penitenciario Federal, las Universidades Nacionales y las Fuerzas Armadas y de Seguridad, aunque en estos \u00faltimos casos excluye al personal civil.<\/p>\n","protected":false},"excerpt":{"rendered":"<p>El Gobierno oficializ\u00f3 este martes su decisi\u00f3n en ese sentido, para disminuir el gasto p\u00fablico en un 30 por ciento este a\u00f1o por ese concepto &nbsp; &nbsp; &nbsp; &nbsp; &nbsp; El Gobierno oficializ\u00f3 este martes su decisi\u00f3n de congelar el ingreso de personal al Estado Nacional, para disminuir el gasto p\u00fablico en un 30% este a\u00f1o por ese concepto y lograr una &#8220;Administraci\u00f3n P\u00fablica m\u00e1s eficiente y eficaz&#8221;. &nbsp; La medida se formaliz\u00f3 a trav\u00e9s de un decreto publicado este martes en el Bolet\u00edn Oficial, con las firmas del presidente&#8230;<\/p>\n","protected":false},"author":3,"featured_media":29844,"comment_status":"closed","ping_status":"closed","sticky":false,"template":"","format":"standard","meta":[],"categories":[9,2],"tags":[],"_links":{"self":[{"href":"https:\/\/www.actualidadadiario.com\/index.php\/wp-json\/wp\/v2\/posts\/29843"}],"collection":[{"href":"https:\/\/www.actualidadadiario.com\/index.php\/wp-json\/wp\/v2\/posts"}],"about":[{"href":"https:\/\/www.actualidadadiario.com\/index.php\/wp-json\/wp\/v2\/types\/post"}],"author":[{"embeddable":true,"href":"https:\/\/www.actualidadadiario.com\/index.php\/wp-json\/wp\/v2\/users\/3"}],"replies":[{"embeddable":true,"href":"https:\/\/www.actualidadadiario.com\/index.php\/wp-json\/wp\/v2\/comments?post=29843"}],"version-history":[{"count":1,"href":"https:\/\/www.actualidadadiario.com\/index.php\/wp-json\/wp\/v2\/posts\/29843\/revisions"}],"predecessor-version":[{"id":29845,"href":"https:\/\/www.actualidadadiario.com\/index.php\/wp-json\/wp\/v2\/posts\/29843\/revisions\/29845"}],"wp:featuredmedia":[{"embeddable":true,"href":"https:\/\/www.actualidadadiario.com\/index.php\/wp-json\/wp\/v2\/media\/29844"}],"wp:attachment":[{"href":"https:\/\/www.actualidadadiario.com\/index.php\/wp-json\/wp\/v2\/media?parent=29843"}],"wp:term":[{"taxonomy":"category","embeddable":true,"href":"https:\/\/www.actualidadadiario.com\/index.php\/wp-json\/wp\/v2\/categories?post=29843"},{"taxonomy":"post_tag","embeddable":true,"href":"https:\/\/www.actualidadadiario.com\/index.php\/wp-json\/wp\/v2\/tags?post=29843"}],"curies":[{"name":"wp","href":"https:\/\/api.w.org\/{rel}","templated":true}]}}