{"id":2984,"date":"2016-10-20T09:59:55","date_gmt":"2016-10-20T12:59:55","guid":{"rendered":"http:\/\/actualidadadiario.com\/site\/?p=2984"},"modified":"2016-10-20T09:59:55","modified_gmt":"2016-10-20T12:59:55","slug":"el-pro-elimino-sin-saber-la-fiscalia-especializada-en-femicidios-en-un-proyecto-de-reforma","status":"publish","type":"post","link":"https:\/\/www.actualidadadiario.com\/index.php\/2016\/10\/20\/el-pro-elimino-sin-saber-la-fiscalia-especializada-en-femicidios-en-un-proyecto-de-reforma\/","title":{"rendered":"El PRO elimin\u00f3 &#8220;sin saber&#8221; la fiscal\u00eda especializada en femicidios en un proyecto de reforma"},"content":{"rendered":"<p><em><strong>Las comisiones de Justicia, de Legislaci\u00f3n Penal y de Presupuesto, y Hacienda de la C\u00e1mara de Diputados, emitieron este martes dictamen al proyecto para modificar la ley que rige el Ministerio P\u00fablico Fiscal. Entre los cambios se pone en riesgo la continuidad de la Unidad Fiscal Especializada en Violencia contra las Mujeres<\/strong><\/em><\/p>\n<p>&nbsp;<\/p>\n<p>&nbsp;<\/p>\n<p>&nbsp;<\/p>\n<p>&nbsp;<\/p>\n<p>Las comisiones de Justicia, de Legislaci\u00f3n Penal y de Presupuesto, y Hacienda de la C\u00e1mara de Diputados emitieron este martes dictamen al proyecto para modificar la ley que rige el Ministerio P\u00fablico Fiscal, la cual entre otros cambios pone en riesgo la continuidad de la &#8220;Unidad Fiscal Especializada para casos de apropiaci\u00f3n de ni\u00f1os durante el terrorismo de Estado&#8221; y el proyecto de ley deja de contemplarse la Unidad Fiscal Especializada en Violencia contra las Mujeres.<\/p>\n<p>&nbsp;<\/p>\n<p>Consultado sobre el tema, el diputado nacional del PRO Pablo Tonelli, y uno de los impulsores de esta reforma del Ministerio P\u00fablico, se mostr\u00f3 sorprendido y dijo desconocer que el texto de ley no contemplaba esa fiscal\u00eda.<\/p>\n<p>&nbsp;<\/p>\n<p>&#8220;Yo no lo tengo en la mano el proyecto, pero no nos olvidamos de la unidad fiscal en femicidio, me parece que est\u00e1&#8221;, sostuvo Tonelli en di\u00e1logo con FM Blue.<\/p>\n<p>&nbsp;<\/p>\n<p>El conductor del programa, Diego Iglesias, le avis\u00f3 que el proyecto que firm\u00f3 ayer en el plenario de comisiones elimina esa UFI que actualmente existe. &#8220;Si es as\u00ed, estamos a tiempo para hacer los cambios en el recinto&#8221;, contest\u00f3 Tonelli y agreg\u00f3: &#8220;Agradezco el aviso y lo tendremos en cuenta&#8221;, a\u00f1adi\u00f3 sobre la grave omisi\u00f3n del proyecto de Cambiemos.<\/p>\n<p>&nbsp;<\/p>\n<p>Al finalizar, asegur\u00f3 que el mi\u00e9rcoles pr\u00f3ximo, cuando el texto de ley se trate sobre tablas, &#8220;los diputados lo corregiremos y agregaremos esa Unidad&#8221; contra los femicidios. Cabe destacar que sucedi\u00f3 un d\u00eda antes del paro de mujeres y la marcha de #NiUnaMenos.<\/p>\n","protected":false},"excerpt":{"rendered":"<p>Las comisiones de Justicia, de Legislaci\u00f3n Penal y de Presupuesto, y Hacienda de la C\u00e1mara de Diputados, emitieron este martes dictamen al proyecto para modificar la ley que rige el Ministerio P\u00fablico Fiscal. Entre los cambios se pone en riesgo la continuidad de la Unidad Fiscal Especializada en Violencia contra las Mujeres &nbsp; &nbsp; &nbsp; &nbsp; Las comisiones de Justicia, de Legislaci\u00f3n Penal y de Presupuesto, y Hacienda de la C\u00e1mara de Diputados emitieron este martes dictamen al proyecto para modificar la ley que rige el Ministerio P\u00fablico Fiscal, la&#8230;<\/p>\n","protected":false},"author":3,"featured_media":2985,"comment_status":"closed","ping_status":"closed","sticky":false,"template":"","format":"standard","meta":[],"categories":[9],"tags":[],"_links":{"self":[{"href":"https:\/\/www.actualidadadiario.com\/index.php\/wp-json\/wp\/v2\/posts\/2984"}],"collection":[{"href":"https:\/\/www.actualidadadiario.com\/index.php\/wp-json\/wp\/v2\/posts"}],"about":[{"href":"https:\/\/www.actualidadadiario.com\/index.php\/wp-json\/wp\/v2\/types\/post"}],"author":[{"embeddable":true,"href":"https:\/\/www.actualidadadiario.com\/index.php\/wp-json\/wp\/v2\/users\/3"}],"replies":[{"embeddable":true,"href":"https:\/\/www.actualidadadiario.com\/index.php\/wp-json\/wp\/v2\/comments?post=2984"}],"version-history":[{"count":1,"href":"https:\/\/www.actualidadadiario.com\/index.php\/wp-json\/wp\/v2\/posts\/2984\/revisions"}],"predecessor-version":[{"id":2986,"href":"https:\/\/www.actualidadadiario.com\/index.php\/wp-json\/wp\/v2\/posts\/2984\/revisions\/2986"}],"wp:featuredmedia":[{"embeddable":true,"href":"https:\/\/www.actualidadadiario.com\/index.php\/wp-json\/wp\/v2\/media\/2985"}],"wp:attachment":[{"href":"https:\/\/www.actualidadadiario.com\/index.php\/wp-json\/wp\/v2\/media?parent=2984"}],"wp:term":[{"taxonomy":"category","embeddable":true,"href":"https:\/\/www.actualidadadiario.com\/index.php\/wp-json\/wp\/v2\/categories?post=2984"},{"taxonomy":"post_tag","embeddable":true,"href":"https:\/\/www.actualidadadiario.com\/index.php\/wp-json\/wp\/v2\/tags?post=2984"}],"curies":[{"name":"wp","href":"https:\/\/api.w.org\/{rel}","templated":true}]}}