{"id":29833,"date":"2018-07-10T11:29:46","date_gmt":"2018-07-10T14:29:46","guid":{"rendered":"https:\/\/www.actualidadadiario.com\/?p=29833"},"modified":"2018-11-06T19:42:04","modified_gmt":"2018-11-06T22:42:04","slug":"precios-de-productos-importados-aumentan-hasta-5-veces-mas-que-los-nacionales","status":"publish","type":"post","link":"https:\/\/www.actualidadadiario.com\/index.php\/2018\/07\/10\/precios-de-productos-importados-aumentan-hasta-5-veces-mas-que-los-nacionales\/","title":{"rendered":"Precios de productos importados aumentan hasta 5 veces m\u00e1s que los nacionales"},"content":{"rendered":"<p><em><strong>Desde el inicio de la gesti\u00f3n, el Gobierno plante\u00f3 que la apertura importadora funcionaria como un regulador de precios, ya que con valores m\u00e1s competitivos ayudar\u00edan a controlar la inflaci\u00f3n. A dos a\u00f1os y medios del inicio de la gesti\u00f3n de Cambiemos, los precios en las g\u00f3ndolas de los supermercados parecen mostrar todo lo contrario<\/strong><\/em><\/p>\n<p>&nbsp;<\/p>\n<p>&nbsp;<\/p>\n<p>&nbsp;<\/p>\n<p>&nbsp;<\/p>\n<p>Un relevamiento realizado por la consultora Focus Market analiz\u00f3 la evoluci\u00f3n de precios de la misma categor\u00eda de productos importados vs. Nacionales del 20 de abril al 1 de julio de 2018, periodo en el que el d\u00f3lar aument\u00f3 en medio de una corrida cambiaria.<\/p>\n<p>&nbsp;<\/p>\n<p>Hasta abril, el d\u00f3lar &#8220;pisado&#8221; por el Gobierno provoc\u00f3 que muchas empresas distribuidoras de bienes de consumo masivo comenzaran a incrementar sus importaciones para abastecer al canal mayorista y minorista local en sustituci\u00f3n de bienes de consumo nacionales que evolucionaban al ritmo de la inflaci\u00f3n argentina.<\/p>\n<p>&nbsp;<\/p>\n<p>&#8220;A partir de la devaluaci\u00f3n del peso frente al d\u00f3lar de un 60 % comienza a invertirse la ecuaci\u00f3n de bienes de consumo importado vs bienes de consumo nacionales en la evoluci\u00f3n de precios en g\u00f3ndola&#8221;, indica el informe.<\/p>\n<p>&nbsp;<\/p>\n<p>De la comparativa de precios, realizada mediante Scanntech (lector de punto de venta), surge con relaci\u00f3n a los productos seleccionados en cada categor\u00eda el siguiente diferencial: cerveza alemana en botella se increment\u00f3 32,1 % en su precio vs. 7,1% la nacional y para el caso de la presentaci\u00f3n en lata aument\u00f3 20,7 % vs. 4 % la nacional. En el caso del chocolate importado subi\u00f3 19,1 % vs. 4,1 % el nacional. En el caso de lata de at\u00fan el importado se increment\u00f3 15,4 % vs. 7,9% la nacional 7,9 %. En caf\u00e9 el importado evolucion\u00f3 11,5% y el nacional 5,6%.<\/p>\n","protected":false},"excerpt":{"rendered":"<p>Desde el inicio de la gesti\u00f3n, el Gobierno plante\u00f3 que la apertura importadora funcionaria como un regulador de precios, ya que con valores m\u00e1s competitivos ayudar\u00edan a controlar la inflaci\u00f3n. A dos a\u00f1os y medios del inicio de la gesti\u00f3n de Cambiemos, los precios en las g\u00f3ndolas de los supermercados parecen mostrar todo lo contrario &nbsp; &nbsp; &nbsp; &nbsp; Un relevamiento realizado por la consultora Focus Market analiz\u00f3 la evoluci\u00f3n de precios de la misma categor\u00eda de productos importados vs. Nacionales del 20 de abril al 1 de julio de&#8230;<\/p>\n","protected":false},"author":3,"featured_media":29834,"comment_status":"closed","ping_status":"closed","sticky":false,"template":"","format":"standard","meta":[],"categories":[2],"tags":[],"_links":{"self":[{"href":"https:\/\/www.actualidadadiario.com\/index.php\/wp-json\/wp\/v2\/posts\/29833"}],"collection":[{"href":"https:\/\/www.actualidadadiario.com\/index.php\/wp-json\/wp\/v2\/posts"}],"about":[{"href":"https:\/\/www.actualidadadiario.com\/index.php\/wp-json\/wp\/v2\/types\/post"}],"author":[{"embeddable":true,"href":"https:\/\/www.actualidadadiario.com\/index.php\/wp-json\/wp\/v2\/users\/3"}],"replies":[{"embeddable":true,"href":"https:\/\/www.actualidadadiario.com\/index.php\/wp-json\/wp\/v2\/comments?post=29833"}],"version-history":[{"count":1,"href":"https:\/\/www.actualidadadiario.com\/index.php\/wp-json\/wp\/v2\/posts\/29833\/revisions"}],"predecessor-version":[{"id":29835,"href":"https:\/\/www.actualidadadiario.com\/index.php\/wp-json\/wp\/v2\/posts\/29833\/revisions\/29835"}],"wp:featuredmedia":[{"embeddable":true,"href":"https:\/\/www.actualidadadiario.com\/index.php\/wp-json\/wp\/v2\/media\/29834"}],"wp:attachment":[{"href":"https:\/\/www.actualidadadiario.com\/index.php\/wp-json\/wp\/v2\/media?parent=29833"}],"wp:term":[{"taxonomy":"category","embeddable":true,"href":"https:\/\/www.actualidadadiario.com\/index.php\/wp-json\/wp\/v2\/categories?post=29833"},{"taxonomy":"post_tag","embeddable":true,"href":"https:\/\/www.actualidadadiario.com\/index.php\/wp-json\/wp\/v2\/tags?post=29833"}],"curies":[{"name":"wp","href":"https:\/\/api.w.org\/{rel}","templated":true}]}}