{"id":29830,"date":"2018-07-10T11:29:04","date_gmt":"2018-07-10T14:29:04","guid":{"rendered":"https:\/\/www.actualidadadiario.com\/?p=29830"},"modified":"2018-11-06T19:42:04","modified_gmt":"2018-11-06T22:42:04","slug":"por-nuevo-regimen-de-produccion-de-autos-en-brasil-argentina-activo-mision-para-fortalecer-la-agenda-bilateral","status":"publish","type":"post","link":"https:\/\/www.actualidadadiario.com\/index.php\/2018\/07\/10\/por-nuevo-regimen-de-produccion-de-autos-en-brasil-argentina-activo-mision-para-fortalecer-la-agenda-bilateral\/","title":{"rendered":"Por nuevo r\u00e9gimen de producci\u00f3n de autos en Brasil, Argentina activ\u00f3 misi\u00f3n para fortalecer la agenda bilateral"},"content":{"rendered":"<p><em><strong>El flamante ministro de Producci\u00f3n, Dante Sica, se reuni\u00f3 este lunes con autoridades de Brasil con el objetivo de fortalecer la agenda bilateral en el marco de un posible acuerdo con la UE y con el nuevo r\u00e9gimen de producci\u00f3n automotriz de Brasil como tel\u00f3n de fondo<\/strong><\/em><\/p>\n<p>&nbsp;<\/p>\n<p>&nbsp;<\/p>\n<p>&nbsp;<\/p>\n<p>&nbsp;<\/p>\n<p>Por lo pronto, el funcionario mantuvo encuentros con el ministro de Industria, Comercio Exterior y Servicios de Brasil, Marcos Jorge; con el canciller, Aloysio Nunes; con el senador Fernando Collor de Mello; con el presidente de BNDES (Banco Nacional de Desarrollo), Dyogo Oliveira, y con el secretario de la Receita Federal de Brasil, Jorge Antonio Deher Rachid.<\/p>\n<p>&nbsp;<\/p>\n<p>A trav\u00e9s de un comunicado, la cartera que conduce Sica report\u00f3 que las reuniones sirvieron para &#8220;profundizar la agenda bilateral&#8221;. En el horizonte se vislumbra lo que ser\u00e1 la s\u00e9ptima Comisi\u00f3n Bilateral de Producci\u00f3n y Comercio que se desarrollar\u00e1 en agosto pr\u00f3ximo. Entre los temas a encarar se encuentran la facilitaci\u00f3n de comercio, la convergencia regulatoria y la agenda externa com\u00fan de ambos pa\u00edses.<\/p>\n<p>&nbsp;<\/p>\n<p>En ese contexto, tanto Sica como Jorge coincidieron en &#8220;la importancia de llegar a un acuerdo pr\u00f3ximamente&#8221; entre el Mercosur y la Uni\u00f3n Europea al tiempo que expresaron &#8220;una mirada a largo plazo&#8221; de la industria automotriz com\u00fan a ambos pa\u00edses.<\/p>\n<p>&nbsp;<\/p>\n<p>El encuentro tuvo como tel\u00f3n de fondo &#8220;Rota 2030&#8221;, el nuevo r\u00e9gimen de producci\u00f3n de autos que fue sancionada el viernes pasado en Brasil. En ese contexto, el propio Sica manifest\u00f3 la inquietud por la normativa sancionada por lo que se acord\u00f3 tratar el tema en el pr\u00f3ximo Comit\u00e9 Automotriz.<\/p>\n<p>&nbsp;<\/p>\n<p>Por otra parte, el ministro argentino dialog\u00f3 con el canciller Nunes sobre las conversaciones iniciadas con Jap\u00f3n y Singapur y sobre el trabajo conjunto de cara al G20 que organizar\u00e1 la Argentina a fin de 2018. Asimismo, desde la oficina de Producci\u00f3n se\u00f1alaron que en el encuentro que Sica mantuvo con Oliveira, presidente del BNDES, se acord\u00f3 que se estudiar\u00e1 la posibilidad de incluir el comercio de camiones comprometi\u00e9ndose a tratar el tema en la pr\u00f3xima Comisi\u00f3n Bilateral.<\/p>\n","protected":false},"excerpt":{"rendered":"<p>El flamante ministro de Producci\u00f3n, Dante Sica, se reuni\u00f3 este lunes con autoridades de Brasil con el objetivo de fortalecer la agenda bilateral en el marco de un posible acuerdo con la UE y con el nuevo r\u00e9gimen de producci\u00f3n automotriz de Brasil como tel\u00f3n de fondo &nbsp; &nbsp; &nbsp; &nbsp; Por lo pronto, el funcionario mantuvo encuentros con el ministro de Industria, Comercio Exterior y Servicios de Brasil, Marcos Jorge; con el canciller, Aloysio Nunes; con el senador Fernando Collor de Mello; con el presidente de BNDES (Banco Nacional&#8230;<\/p>\n","protected":false},"author":3,"featured_media":29831,"comment_status":"closed","ping_status":"closed","sticky":false,"template":"","format":"standard","meta":[],"categories":[2],"tags":[],"_links":{"self":[{"href":"https:\/\/www.actualidadadiario.com\/index.php\/wp-json\/wp\/v2\/posts\/29830"}],"collection":[{"href":"https:\/\/www.actualidadadiario.com\/index.php\/wp-json\/wp\/v2\/posts"}],"about":[{"href":"https:\/\/www.actualidadadiario.com\/index.php\/wp-json\/wp\/v2\/types\/post"}],"author":[{"embeddable":true,"href":"https:\/\/www.actualidadadiario.com\/index.php\/wp-json\/wp\/v2\/users\/3"}],"replies":[{"embeddable":true,"href":"https:\/\/www.actualidadadiario.com\/index.php\/wp-json\/wp\/v2\/comments?post=29830"}],"version-history":[{"count":1,"href":"https:\/\/www.actualidadadiario.com\/index.php\/wp-json\/wp\/v2\/posts\/29830\/revisions"}],"predecessor-version":[{"id":29832,"href":"https:\/\/www.actualidadadiario.com\/index.php\/wp-json\/wp\/v2\/posts\/29830\/revisions\/29832"}],"wp:featuredmedia":[{"embeddable":true,"href":"https:\/\/www.actualidadadiario.com\/index.php\/wp-json\/wp\/v2\/media\/29831"}],"wp:attachment":[{"href":"https:\/\/www.actualidadadiario.com\/index.php\/wp-json\/wp\/v2\/media?parent=29830"}],"wp:term":[{"taxonomy":"category","embeddable":true,"href":"https:\/\/www.actualidadadiario.com\/index.php\/wp-json\/wp\/v2\/categories?post=29830"},{"taxonomy":"post_tag","embeddable":true,"href":"https:\/\/www.actualidadadiario.com\/index.php\/wp-json\/wp\/v2\/tags?post=29830"}],"curies":[{"name":"wp","href":"https:\/\/api.w.org\/{rel}","templated":true}]}}