{"id":29826,"date":"2018-07-10T11:27:29","date_gmt":"2018-07-10T14:27:29","guid":{"rendered":"https:\/\/www.actualidadadiario.com\/?p=29826"},"modified":"2018-11-06T19:42:04","modified_gmt":"2018-11-06T22:42:04","slug":"romero-hay-que-poner-en-marcha-el-sistema-del-consejo-de-la-magistratura","status":"publish","type":"post","link":"https:\/\/www.actualidadadiario.com\/index.php\/2018\/07\/10\/romero-hay-que-poner-en-marcha-el-sistema-del-consejo-de-la-magistratura\/","title":{"rendered":"Romero: \u201cHay que poner en marcha el sistema del Consejo de la Magistratura\u201d"},"content":{"rendered":"<p><em><strong>La inconstitucionalidad de la designaci\u00f3n de los fiscales auxiliares tiene una sola soluci\u00f3n: avanzar en una reforma en el Consejo de la Magistratura. As\u00ed lo demanda la sentencia del Superior Tribunal de Justicia (STJ), que impugn\u00f3 el art\u00edculo 50 de la Ley N\u00famero 10.407, reglamentaria del Ministerio P\u00fablico, que autorizaba al procurador general, Jorge Am\u00edlcar Luciano Garc\u00eda, a realizar concursos internos y cerrados entre funcionarios judiciales para nombrar esos cargos en el marco de la puesta en marcha del nuevo C\u00f3digo Procesal Penal<\/strong><\/em><\/p>\n<p>&nbsp;<\/p>\n<p>&nbsp;<\/p>\n<p>&nbsp;<\/p>\n<p><strong>Lo que falta<\/strong><\/p>\n<p>\u201cEra un tema opinable al punto tal que se lleg\u00f3 a una sentencia judicial. De todos modos siempre hay que ser respetuoso de las decisiones de los tribunales\u201d, dijo la ministra de Gobierno, Rosario Romero.<\/p>\n<p>&nbsp;<\/p>\n<p>Para la funcionaria, \u201cindependientemente de los recursos y de todo lo que se puede interponer, b\u00e1sicamente las sentencias se dictan para ser acatadas\u201d, explic\u00f3 y fue el meollo de la cuesti\u00f3n: \u201cHay que poner en marcha el sistema del Consejo de la Magistratura para quienes ocupan esos lugares y corroboren sus actitudes, obedeciendo la sentencia judicial ni bien quede firme o antes de que quede firme si los involucrados est\u00e1n dispuestos.\u201d, sostuvo.<\/p>\n<p>&nbsp;<\/p>\n<p>Romero breg\u00f3 para que cuanto antes se lleven adelante esos concursos, \u201cpara que la indudable preocupaci\u00f3n que hoy debe primar en las personas que est\u00e1n designadas por un concurso que no ha sido convalidado por el Poder Judicial pueda tener una resoluci\u00f3n\u201d.<\/p>\n<p>&nbsp;<\/p>\n<p>&nbsp;<\/p>\n<p><strong>\u201cSeguir\u00e1n siendo fiscales auxiliares\u201d<\/strong><\/p>\n<p>La procuradora adjunta, Cecilia Goyeneche, hab\u00eda dicho que \u201clos fiscales auxiliares hab\u00edan sido designados por concursos internos cuando todav\u00eda no estaba vigente la Ley Org\u00e1nica del Ministerio P\u00fablico, con lo cual adquirieron estabilidad, por lo tanto, seguir\u00e1n siendo fiscales auxiliares\u201d.<\/p>\n<p>&nbsp;<\/p>\n<p>\u201cM\u00e1s all\u00e1 de la inconstitucionalidad decretada por el STJ, los fiscales tienen estabilidad porque fueron designados con el procedimiento vigente en ese momento, con lo cual van a seguir en sus cargos\u201d, enfatiz\u00f3.<\/p>\n<p>&nbsp;<\/p>\n<p>Sucede que la ley por la que rige el Consejo de la Magistratura no contempla la figura del fiscal auxiliar que requiere el nuevo sistema acusatorio puesta en marcha desde el 2008 en Concordia. Se termin\u00f3 de imponer en todo el territorio provincial en 2014.<\/p>\n<p>&nbsp;<\/p>\n<p>La Legislatura, en todos estos a\u00f1os, no adecu\u00f3 (o reglament\u00f3) la ley por la que funciona el organismo asesor unificando criterio con el C\u00f3digo Procesal. De all\u00ed la similitud del caso de los fiscales auxiliares con la designaci\u00f3n de Guillermo Smaldone como presidente del Tribunal de Cuentas.<\/p>\n<p>&nbsp;<\/p>\n<p>Sin bien los fiscales s\u00ed concursaron y el ex funcionario no, la inconstitucionalidad lleg\u00f3 por la falta de adecuaci\u00f3n, en el \u00e1mbito legislativo, de una manda constitucional. En resumen: Smaldone no concurs\u00f3 porque no hab\u00eda ley de concurso, por lo tanto fue designado con el sistema vigente (as\u00ed lo entendi\u00f3 Garc\u00eda); y los fiscales s\u00ed lo hicieron, pero mediante una ley que se contrapon\u00eda a la Constituci\u00f3n.<\/p>\n","protected":false},"excerpt":{"rendered":"<p>La inconstitucionalidad de la designaci\u00f3n de los fiscales auxiliares tiene una sola soluci\u00f3n: avanzar en una reforma en el Consejo de la Magistratura. As\u00ed lo demanda la sentencia del Superior Tribunal de Justicia (STJ), que impugn\u00f3 el art\u00edculo 50 de la Ley N\u00famero 10.407, reglamentaria del Ministerio P\u00fablico, que autorizaba al procurador general, Jorge Am\u00edlcar Luciano Garc\u00eda, a realizar concursos internos y cerrados entre funcionarios judiciales para nombrar esos cargos en el marco de la puesta en marcha del nuevo C\u00f3digo Procesal Penal &nbsp; &nbsp; &nbsp; Lo que falta \u201cEra&#8230;<\/p>\n","protected":false},"author":3,"featured_media":29754,"comment_status":"closed","ping_status":"closed","sticky":false,"template":"","format":"standard","meta":[],"categories":[15],"tags":[],"_links":{"self":[{"href":"https:\/\/www.actualidadadiario.com\/index.php\/wp-json\/wp\/v2\/posts\/29826"}],"collection":[{"href":"https:\/\/www.actualidadadiario.com\/index.php\/wp-json\/wp\/v2\/posts"}],"about":[{"href":"https:\/\/www.actualidadadiario.com\/index.php\/wp-json\/wp\/v2\/types\/post"}],"author":[{"embeddable":true,"href":"https:\/\/www.actualidadadiario.com\/index.php\/wp-json\/wp\/v2\/users\/3"}],"replies":[{"embeddable":true,"href":"https:\/\/www.actualidadadiario.com\/index.php\/wp-json\/wp\/v2\/comments?post=29826"}],"version-history":[{"count":1,"href":"https:\/\/www.actualidadadiario.com\/index.php\/wp-json\/wp\/v2\/posts\/29826\/revisions"}],"predecessor-version":[{"id":29827,"href":"https:\/\/www.actualidadadiario.com\/index.php\/wp-json\/wp\/v2\/posts\/29826\/revisions\/29827"}],"wp:featuredmedia":[{"embeddable":true,"href":"https:\/\/www.actualidadadiario.com\/index.php\/wp-json\/wp\/v2\/media\/29754"}],"wp:attachment":[{"href":"https:\/\/www.actualidadadiario.com\/index.php\/wp-json\/wp\/v2\/media?parent=29826"}],"wp:term":[{"taxonomy":"category","embeddable":true,"href":"https:\/\/www.actualidadadiario.com\/index.php\/wp-json\/wp\/v2\/categories?post=29826"},{"taxonomy":"post_tag","embeddable":true,"href":"https:\/\/www.actualidadadiario.com\/index.php\/wp-json\/wp\/v2\/tags?post=29826"}],"curies":[{"name":"wp","href":"https:\/\/api.w.org\/{rel}","templated":true}]}}