{"id":29823,"date":"2018-07-10T11:26:41","date_gmt":"2018-07-10T14:26:41","guid":{"rendered":"https:\/\/www.actualidadadiario.com\/?p=29823"},"modified":"2018-11-06T19:42:04","modified_gmt":"2018-11-06T22:42:04","slug":"con-un-70-por-ciento-de-ocupacion-entre-rios-fue-uno-de-los-destinos-mas-elegidos","status":"publish","type":"post","link":"https:\/\/www.actualidadadiario.com\/index.php\/2018\/07\/10\/con-un-70-por-ciento-de-ocupacion-entre-rios-fue-uno-de-los-destinos-mas-elegidos\/","title":{"rendered":"Con un 70 por ciento de ocupaci\u00f3n, Entre R\u00edos fue uno de los destinos m\u00e1s elegidos"},"content":{"rendered":"<p><em><strong>Entre R\u00edos se ubic\u00f3 entre los destinos m\u00e1s visitados por los turistas en este fin de semana largo. La ocupaci\u00f3n hotelera rond\u00f3 el 68 por ciento con 110 mil visitantes y un movimiento econ\u00f3mico estimado de 170 millones de pesos. Buenas perspectivas del sector para las vacaciones de invierno<\/strong><\/em><\/p>\n<p>&nbsp;<\/p>\n<p>&nbsp;<\/p>\n<p>&nbsp;<\/p>\n<p>&nbsp;<\/p>\n<p>La secretaria de Turismo y Cultura de la provincia, Carolina Gaillard, resalt\u00f3 que &#8220;las perspectivas son buenas, ya que en esta primera etapa se apunt\u00f3 mucho al turismo interno. Los datos que recogimos en encuestas durante el verano y Semana Santa nos indican que muchos entrerrianos eligen su provincia para vacacionar y por eso le dimos mucha preponderancia a una campa\u00f1a dirigida a ese p\u00fablico. Tambi\u00e9n hay que tener en cuenta que, los lugares desde donde proviene nuestra mayor cantidad de visitantes, como la provincia y la ciudad de Buenos Aires, a\u00fan no comenzaron sus vacaciones. As\u00ed que las perspectivas son buenas&#8221;, remarc\u00f3 Gaillard.<\/p>\n<p>&nbsp;<\/p>\n<p>El receso escolar de invierno para Entre R\u00edos coincide con otras 10 provincias, generando el primer movimiento tur\u00edstico. Seg\u00fan inform\u00f3 la Direcci\u00f3n General de Planificaci\u00f3n, Gesti\u00f3n Tur\u00edstica y Fomento de las Inversiones de la Secretar\u00eda de Turismo y Cultura de Entre R\u00edos, hubo en nuestra provincia una fuerte presencia de turistas uruguayos en su semana de vacaciones. Se espera la llegada de m\u00e1s turistas la pr\u00f3xima semana, cuando comenzar\u00e1n sus vacaciones Buenos Aires y otros nueve distritos en el pa\u00eds.<\/p>\n<p>&nbsp;<\/p>\n<p>&nbsp;<\/p>\n<p><strong>Ocupaci\u00f3n hotelera<\/strong><\/p>\n<p>En este fin de semana largo, se estim\u00f3 que la ocupaci\u00f3n hotelera en Entre R\u00edos alcanz\u00f3 el 68 por ciento. El principal movimiento se dio en las ciudades con complejos termales. Los turistas llegaron en su mayor\u00eda en grupos familiares, compuestos entre tres y cuatro personas, principalmente parejas con uno o dos hijos. En la costa del Uruguay hubo un buen movimiento en la regi\u00f3n Tierra de Palmares y Federaci\u00f3n, y en la costa del Paran\u00e1 principalmente en la capital provincial y en Victoria.<\/p>\n<p>&nbsp;<\/p>\n<p>Las reservas previas hasta el viernes mostraban un promedio de 54 por ciento. A\u00fan con un clima poco prometedor para el fin de semana, con bancos de niebla, lloviznas y temperatura baja que no impulsaban las decisiones de \u00faltimo momento. Finalmente desde el domingo con la llegada de turistas a alojarse sin reserva previa, se produjo el pico de ocupaci\u00f3n hotelera con un 75 por ciento.<\/p>\n<p>&nbsp;<\/p>\n<p>&nbsp;<\/p>\n<p><strong>Cantidad de turistas<\/strong><\/p>\n<p>La novedad se present\u00f3 en la mayor presencia de turistas uruguayos, que por el cambio de moneda favorable para vacacionar en Argentina, marcaron una fuerte presencia en destinos entrerrianos, principalmente localidades de la costa entrerriana del r\u00edo Uruguay, a trav\u00e9s de pernoctes y un fuerte movimiento de excursionistas. En menor medida se percibi\u00f3 la presencia de turistas de la provincia de Santa Fe, que ya transita su segunda semana de vacaciones, de C\u00f3rdoba que comienza junto con Entre R\u00edos, y de provincia de Buenos Aires, quienes a\u00fan no han comenzado su receso invernal.<\/p>\n<p>&nbsp;<\/p>\n<p>Se estima que este fin de semana largo ingresaron aproximadamente 110 mil visitantes a la provincia de Entre R\u00edos. En destinos de la Costa del Paran\u00e1 ha sido mayor la presencia de santafesinos y cordobeses, atra\u00eddos principalmente por la naturaleza, la pesca deportiva, las actividades programadas y los complejos termales. Las localidades del centro han tenido una mayor presencia de turismo itinerante. Se nota tambi\u00e9n la presencia de entrerrianos en modalidad de excursionistas o turistas itinerantes recorriendo distintos destinos y eventos de la provincia.<\/p>\n<p>&nbsp;<\/p>\n<p>&nbsp;<\/p>\n<p><strong>Movimiento econ\u00f3mico<\/strong><\/p>\n<p>El volumen de gasto tur\u00edstico que recibi\u00f3 nuestra provincia en este fin de semana largo, se estima en 170 millones de pesos. Este c\u00e1lculo es un coeficiente donde se computa la cantidad de pernoctes seg\u00fan tipo de alojamiento, multiplicado por el gasto diario de un turista en Entre R\u00edos. Dicho gasto surge de las encuestas realizadas desde la Secretar\u00eda de Turismo y Cultura, y de consultas a destinos referentes y organismos del sector, abarcando los distintos conceptos de gastos que un turista realiza (por ejemplo, alojamiento, gastronom\u00eda, compras, entradas, etc\u00e9tera).<\/p>\n<p>&nbsp;<\/p>\n<p>Se nota una fuerte ca\u00edda del gasto por persona, que se amortigua en el volumen definitivo, con el movimiento generado por el turismo extranjero, principalmente de pa\u00edses lim\u00edtrofes como Uruguay, dado que el gasto por persona es mayor que el estimado de un turista nacional.<\/p>\n","protected":false},"excerpt":{"rendered":"<p>Entre R\u00edos se ubic\u00f3 entre los destinos m\u00e1s visitados por los turistas en este fin de semana largo. La ocupaci\u00f3n hotelera rond\u00f3 el 68 por ciento con 110 mil visitantes y un movimiento econ\u00f3mico estimado de 170 millones de pesos. Buenas perspectivas del sector para las vacaciones de invierno &nbsp; &nbsp; &nbsp; &nbsp; La secretaria de Turismo y Cultura de la provincia, Carolina Gaillard, resalt\u00f3 que &#8220;las perspectivas son buenas, ya que en esta primera etapa se apunt\u00f3 mucho al turismo interno. Los datos que recogimos en encuestas durante el&#8230;<\/p>\n","protected":false},"author":3,"featured_media":29824,"comment_status":"closed","ping_status":"closed","sticky":false,"template":"","format":"standard","meta":[],"categories":[15],"tags":[],"_links":{"self":[{"href":"https:\/\/www.actualidadadiario.com\/index.php\/wp-json\/wp\/v2\/posts\/29823"}],"collection":[{"href":"https:\/\/www.actualidadadiario.com\/index.php\/wp-json\/wp\/v2\/posts"}],"about":[{"href":"https:\/\/www.actualidadadiario.com\/index.php\/wp-json\/wp\/v2\/types\/post"}],"author":[{"embeddable":true,"href":"https:\/\/www.actualidadadiario.com\/index.php\/wp-json\/wp\/v2\/users\/3"}],"replies":[{"embeddable":true,"href":"https:\/\/www.actualidadadiario.com\/index.php\/wp-json\/wp\/v2\/comments?post=29823"}],"version-history":[{"count":1,"href":"https:\/\/www.actualidadadiario.com\/index.php\/wp-json\/wp\/v2\/posts\/29823\/revisions"}],"predecessor-version":[{"id":29825,"href":"https:\/\/www.actualidadadiario.com\/index.php\/wp-json\/wp\/v2\/posts\/29823\/revisions\/29825"}],"wp:featuredmedia":[{"embeddable":true,"href":"https:\/\/www.actualidadadiario.com\/index.php\/wp-json\/wp\/v2\/media\/29824"}],"wp:attachment":[{"href":"https:\/\/www.actualidadadiario.com\/index.php\/wp-json\/wp\/v2\/media?parent=29823"}],"wp:term":[{"taxonomy":"category","embeddable":true,"href":"https:\/\/www.actualidadadiario.com\/index.php\/wp-json\/wp\/v2\/categories?post=29823"},{"taxonomy":"post_tag","embeddable":true,"href":"https:\/\/www.actualidadadiario.com\/index.php\/wp-json\/wp\/v2\/tags?post=29823"}],"curies":[{"name":"wp","href":"https:\/\/api.w.org\/{rel}","templated":true}]}}