{"id":29820,"date":"2018-07-10T11:26:03","date_gmt":"2018-07-10T14:26:03","guid":{"rendered":"https:\/\/www.actualidadadiario.com\/?p=29820"},"modified":"2018-11-06T19:42:04","modified_gmt":"2018-11-06T22:42:04","slug":"el-gobernador-conmemoro-el-dia-de-la-independencia-con-un-llamado-a-trabajar-en-conjunto","status":"publish","type":"post","link":"https:\/\/www.actualidadadiario.com\/index.php\/2018\/07\/10\/el-gobernador-conmemoro-el-dia-de-la-independencia-con-un-llamado-a-trabajar-en-conjunto\/","title":{"rendered":"El gobernador conmemor\u00f3 el D\u00eda de la Independencia con un llamado a trabajar en conjunto"},"content":{"rendered":"<p><em><strong>El gobernador Gustavo Bordet encabez\u00f3 el acto oficial por el 202 aniversario de la Declaraci\u00f3n de Independencia en San Salvador. En ese marco, inst\u00f3 \u201ca trabajar en conjunto porque nada se logra con voluntarismo, en soledad y con ego\u00edsmo\u201d<\/strong><\/em><\/p>\n<p>&nbsp;<\/p>\n<p>&nbsp;<\/p>\n<p>&nbsp;<\/p>\n<p>&nbsp;<\/p>\n<p>&nbsp;<\/p>\n<p>Tambi\u00e9n asegur\u00f3 que \u201cse debe tener la responsabilidad de trabajar seriamente\u201d. Bordet sostuvo que \u201ccuando se trabaja de manera transparente y cuidando los recursos, alcanza y es suficiente para cumplir con nuestras obligaciones y adem\u00e1s hacer obras&#8221;. Tambi\u00e9n entreg\u00f3 aportes y recorri\u00f3 la feria de artesanos de la localidad.<\/p>\n<p>&nbsp;<\/p>\n<p>El mandatario estuvo acompa\u00f1ado por su esposa, Mariel \u00c1vila, el intendente de San Salvador, Marcelo Berthet, los ministros de Gobierno, Rosario Romero, y de Planeamiento, Infraestructura y Servicios, Luis Benedetto, el jefe de Polic\u00eda, Gustavo Maslein, los legisladores Lucas Larrarte y Nancy Miranda; concejales, funcionarios, autoridades militares y referentes de diversas instituciones. La Banda de Polic\u00eda ejecut\u00f3 las estrofas del Himno Nacional Argentina.<\/p>\n<p>&nbsp;<\/p>\n<p>Bordet hizo un repaso de diversos momentos hist\u00f3ricos y asegur\u00f3 que &#8220;todav\u00eda tenemos muchas asignaturas pendientes. Hay que trabajar todos los d\u00edas para que la libertad, que es un valor supremo, est\u00e9 individualmente en cada habitante de nuestra Patria. Esa libertad es un valor supremo colectivo que tiene que estar como Naci\u00f3n para que en cada acto de gobierno, quienes tenemos la obligaci\u00f3n conferida por mandato popular, la ejecutemos y la llevemos adelante. Sin generar con nuestras decisiones perjuicios que comprometan a nuestras generaciones futuras y que hipotequen el futuro de nuestro pa\u00eds y de nuestra provincia&#8221;, sostuvo.<\/p>\n<p>&nbsp;<\/p>\n<p>Dijo adem\u00e1s que &#8220;se debe tener la responsabilidad de trabajar seriamente&#8221; y manifest\u00f3 que &#8220;cuando se hace de manera transparente y cuidando los recursos que son del resto de los entrerrianos, cr\u00e9anme que alcanza y es suficiente para cumplir con nuestras obligaciones y adem\u00e1s hacer obras&#8221;.<\/p>\n<p>&nbsp;<\/p>\n<p>&#8220;En ese camino estaremos trabajando. Como lo venimos haciendo y lo hacemos junto con el intendente de San Salvador y con todos los del resto de la provincia, sin importar el partido o la fuerza pol\u00edtica a la cual pertenecen porque no hay ning\u00fan inter\u00e9s que sea superior al bien com\u00fan y al inter\u00e9s colectivo, que no conoce de partidos y de intrigas pol\u00edticas. Conoce de soluciones que todos los d\u00edas los vecinos nos demandan. \u00c9se es el desvelo que tenemos como gobernantes, el de poder estar a la altura de las circunstancias, de comprometernos para generar un desarrollo productivo y econ\u00f3mico, pero tambi\u00e9n para generar un desarrollo social y humano donde cada persona y familia pueda realizarse y sentirse pleno&#8221;.<\/p>\n<p>&nbsp;<\/p>\n<p>&#8220;De nada sirve tener riqueza y obras fara\u00f3nicas, si nuestra gente y familias no viven con felicidad, prosperidad y no tienen, a veces, para llevar el alimento necesario. \u00c9stas son las funciones indelegables que tenemos como provincia, ciudades y Naci\u00f3n para estar a la altura de las circunstancias&#8221;, insisti\u00f3.<\/p>\n<p>&nbsp;<\/p>\n<p>\u201cEn este 9 de Julio la convocatoria es para trabajar en conjunto porque nada se logra con voluntarismo, ego\u00edsmo y en soledad. Esto nos tiene que encontrar a todos unidos trabajando en conjunto para poder resolver los problemas que tiene nuestra sociedad. Por eso se\u00f1or intendente de San Salvador, muchas gracias por esta invitaci\u00f3n a poder compartir con esta maravillosa ciudad, donde tantos afectos tengo, este 9 de julio, para renovar este compromiso fecundo de que nuestras ciudades y provincia puedan alcanzar el desarrollo pleno. Viva la Patria!&#8221;, concluy\u00f3.<\/p>\n<p>&nbsp;<\/p>\n<p>Por su parte, el intendente Marcelo Berthet hizo referencia al hecho hist\u00f3rico independentista y el legado de esa gesta; y en ese marco sostuvo que &#8220;un gobierno hacedor de futuro es uno que gestiona con recurso propios&#8221;.<\/p>\n<p>&nbsp;<\/p>\n<p>En ese marco, resalt\u00f3 el trabajo de \u201cnuestro gobernador transformando los puertos entrerrianos para que nuestra producci\u00f3n salga al mundo utilizando los r\u00edos y la navegaci\u00f3n, y as\u00ed ser m\u00e1s competitivo, y generar mejores condiciones para los que producen, industrializan y trabajan&#8221;.<\/p>\n<p>&nbsp;<\/p>\n<p>Tambi\u00e9n se refiri\u00f3 a la realidad de San Salvador y sostuvo que &#8220;estamos mejor que ayer, construyendo un futuro que nos contenga\u201d y llam\u00f3 a \u201cseguir creciendo, pero debemos hacerlo ordenadamente de la mano de un Estado presente, promotor y participativo&#8221;.<\/p>\n<p>&nbsp;<\/p>\n<p>&#8220;Estoy hablando de una Patria con sensibilidad social porque libertad e independencia son s\u00f3lo posible si hay justicia social\u201d, continu\u00f3 Berthet y concluy\u00f3: \u201ccomo lo he escuchado decir al gobernador, citando a Don Arturo (Jauretche), o es para todos la cobija o es para todos el invierno&#8221;.<\/p>\n<p>&nbsp;<\/p>\n<p>&nbsp;<\/p>\n<p><strong>Aportes<\/strong><\/p>\n<p>El gobernador Gustavo Bordet entreg\u00f3 al intendente Berthet el decreto N\u00b01979 que adjudica la obras de Desag\u00fces pluviales, Cuenca noreste &#8211; calle Arroyo Grande, en San Salvador a la empresa OIC SA por 27.701.290 pesos. Adem\u00e1s, el intendente de San Salvador recibi\u00f3 una copia del contrato firmado por la Comisi\u00f3n Administradora de Fondos Especiales de Salto Grande (Cafesg) para la ejecuci\u00f3n de la obra cord\u00f3n cuneta y badenes Barrio Ferro Nuevo, primera etapa. El monto oficial es de 2.629.751 pesos.<\/p>\n<p>&nbsp;<\/p>\n<p>La Escuela Privada N\u00b0 113 San Jos\u00e9 de San Salvador recibi\u00f3 1 mill\u00f3n de pesos para la construcci\u00f3n de una cocina comedor, y el mandatario entreg\u00f3 un aporte de 30.000 pesos al Jockey Club San Salvador para la construcci\u00f3n de una cancha de bocha sint\u00e9tica. En tanto, tambi\u00e9n se le otorg\u00f3 86.300 pesos a la Asociaci\u00f3n de Bomberos Voluntarios de General Campos para ejecutar obras de ampliaci\u00f3n.<\/p>\n<p>&nbsp;<\/p>\n<p>&nbsp;<\/p>\n<p><strong>El acto<\/strong><\/p>\n<p>Tras pasar revista de tropa, el gobernador Gustavo Bordet salud\u00f3 a la Agrupaci\u00f3n 9 de julio pasada las 10.30 de la ma\u00f1ana en San Salvador. Finalizado el acto protocolar, hubo un desfile militar y de delegaciones educativas y civiles, adem\u00e1s de espect\u00e1culos art\u00edsticos. Estuvo tambi\u00e9n la Banda de la Polic\u00eda y la Feria de los artesanos que fue recorrida por el gobernador. Hubo venta de comidas, expositores, espect\u00e1culos, un coro y el grupo \u201cLos Pr\u00edncipes\u201d, de Paran\u00e1.<\/p>\n","protected":false},"excerpt":{"rendered":"<p>El gobernador Gustavo Bordet encabez\u00f3 el acto oficial por el 202 aniversario de la Declaraci\u00f3n de Independencia en San Salvador. En ese marco, inst\u00f3 \u201ca trabajar en conjunto porque nada se logra con voluntarismo, en soledad y con ego\u00edsmo\u201d &nbsp; &nbsp; &nbsp; &nbsp; &nbsp; Tambi\u00e9n asegur\u00f3 que \u201cse debe tener la responsabilidad de trabajar seriamente\u201d. Bordet sostuvo que \u201ccuando se trabaja de manera transparente y cuidando los recursos, alcanza y es suficiente para cumplir con nuestras obligaciones y adem\u00e1s hacer obras&#8221;. Tambi\u00e9n entreg\u00f3 aportes y recorri\u00f3 la feria de artesanos&#8230;<\/p>\n","protected":false},"author":3,"featured_media":29821,"comment_status":"closed","ping_status":"closed","sticky":false,"template":"","format":"standard","meta":[],"categories":[9,15],"tags":[],"_links":{"self":[{"href":"https:\/\/www.actualidadadiario.com\/index.php\/wp-json\/wp\/v2\/posts\/29820"}],"collection":[{"href":"https:\/\/www.actualidadadiario.com\/index.php\/wp-json\/wp\/v2\/posts"}],"about":[{"href":"https:\/\/www.actualidadadiario.com\/index.php\/wp-json\/wp\/v2\/types\/post"}],"author":[{"embeddable":true,"href":"https:\/\/www.actualidadadiario.com\/index.php\/wp-json\/wp\/v2\/users\/3"}],"replies":[{"embeddable":true,"href":"https:\/\/www.actualidadadiario.com\/index.php\/wp-json\/wp\/v2\/comments?post=29820"}],"version-history":[{"count":1,"href":"https:\/\/www.actualidadadiario.com\/index.php\/wp-json\/wp\/v2\/posts\/29820\/revisions"}],"predecessor-version":[{"id":29822,"href":"https:\/\/www.actualidadadiario.com\/index.php\/wp-json\/wp\/v2\/posts\/29820\/revisions\/29822"}],"wp:featuredmedia":[{"embeddable":true,"href":"https:\/\/www.actualidadadiario.com\/index.php\/wp-json\/wp\/v2\/media\/29821"}],"wp:attachment":[{"href":"https:\/\/www.actualidadadiario.com\/index.php\/wp-json\/wp\/v2\/media?parent=29820"}],"wp:term":[{"taxonomy":"category","embeddable":true,"href":"https:\/\/www.actualidadadiario.com\/index.php\/wp-json\/wp\/v2\/categories?post=29820"},{"taxonomy":"post_tag","embeddable":true,"href":"https:\/\/www.actualidadadiario.com\/index.php\/wp-json\/wp\/v2\/tags?post=29820"}],"curies":[{"name":"wp","href":"https:\/\/api.w.org\/{rel}","templated":true}]}}