{"id":29817,"date":"2018-07-10T11:25:18","date_gmt":"2018-07-10T14:25:18","guid":{"rendered":"https:\/\/www.actualidadadiario.com\/?p=29817"},"modified":"2018-11-06T19:42:04","modified_gmt":"2018-11-06T22:42:04","slug":"comenzo-la-feria-judicial-de-invierno","status":"publish","type":"post","link":"https:\/\/www.actualidadadiario.com\/index.php\/2018\/07\/10\/comenzo-la-feria-judicial-de-invierno\/","title":{"rendered":"Comenz\u00f3 la feria judicial de invierno"},"content":{"rendered":"<p><em><strong>Tendr\u00e1 lugar del 9 al 20 de este mes. Los casos de urgencia ser\u00e1n atendidos por autoridades y empleados de turno, en el habitual horario de 7 a 13. Listado completo de los Magistrados y Funcionarios que se desempe\u00f1ar\u00e1n en ese per\u00edodo, al frente de los organismos de todas las jurisdicciones de la Justicia entrerriana<\/strong><\/em><\/p>\n<p>&nbsp;<\/p>\n<p>&nbsp;<\/p>\n<p>&nbsp;<\/p>\n<p>&nbsp;<\/p>\n<p>Este lunes comenz\u00f3 en toda la provincia la Feria Judicial que se extender\u00e1 hasta el 20 de este mes.<\/p>\n<p>&nbsp;<\/p>\n<p>Cesar\u00e1n en ese lapso las actividades ordinarias del Poder Judicial de Entre R\u00edos. Pero los casos de urgencia ser\u00e1n atendidos por Magistrados, Funcionarios y empleados que prestar\u00e1n servicio durante toda la ma\u00f1ana, en el habitual horario de 7 a 13. Adem\u00e1s, se podr\u00e1n efectuar consultas telef\u00f3nicas gratuitas a trav\u00e9s de la l\u00ednea de alcance nacional para atenci\u00f3n ciudadana: 0800-444-MESA (6372).<\/p>\n<p>&nbsp;<\/p>\n<p>En Paran\u00e1 y en Concordia, funcionar\u00e1n regularmente las Mesas de Atenci\u00f3n Permanente, durante las 24 horas del d\u00eda. El servicio se brindar\u00e1 mediante guardias rotativas que permitir\u00e1n proporcionar los datos judiciales que la ciudadan\u00eda requiera, recibir y adjudicar denuncias radicadas en organismos prevencionales, tramitar exhortos del fuero penal, y recepcionar, registrar y proporcionar, antecedentes penales.<\/p>\n","protected":false},"excerpt":{"rendered":"<p>Tendr\u00e1 lugar del 9 al 20 de este mes. Los casos de urgencia ser\u00e1n atendidos por autoridades y empleados de turno, en el habitual horario de 7 a 13. Listado completo de los Magistrados y Funcionarios que se desempe\u00f1ar\u00e1n en ese per\u00edodo, al frente de los organismos de todas las jurisdicciones de la Justicia entrerriana &nbsp; &nbsp; &nbsp; &nbsp; Este lunes comenz\u00f3 en toda la provincia la Feria Judicial que se extender\u00e1 hasta el 20 de este mes. &nbsp; Cesar\u00e1n en ese lapso las actividades ordinarias del Poder Judicial de&#8230;<\/p>\n","protected":false},"author":3,"featured_media":29818,"comment_status":"closed","ping_status":"closed","sticky":false,"template":"","format":"standard","meta":[],"categories":[15],"tags":[],"_links":{"self":[{"href":"https:\/\/www.actualidadadiario.com\/index.php\/wp-json\/wp\/v2\/posts\/29817"}],"collection":[{"href":"https:\/\/www.actualidadadiario.com\/index.php\/wp-json\/wp\/v2\/posts"}],"about":[{"href":"https:\/\/www.actualidadadiario.com\/index.php\/wp-json\/wp\/v2\/types\/post"}],"author":[{"embeddable":true,"href":"https:\/\/www.actualidadadiario.com\/index.php\/wp-json\/wp\/v2\/users\/3"}],"replies":[{"embeddable":true,"href":"https:\/\/www.actualidadadiario.com\/index.php\/wp-json\/wp\/v2\/comments?post=29817"}],"version-history":[{"count":1,"href":"https:\/\/www.actualidadadiario.com\/index.php\/wp-json\/wp\/v2\/posts\/29817\/revisions"}],"predecessor-version":[{"id":29819,"href":"https:\/\/www.actualidadadiario.com\/index.php\/wp-json\/wp\/v2\/posts\/29817\/revisions\/29819"}],"wp:featuredmedia":[{"embeddable":true,"href":"https:\/\/www.actualidadadiario.com\/index.php\/wp-json\/wp\/v2\/media\/29818"}],"wp:attachment":[{"href":"https:\/\/www.actualidadadiario.com\/index.php\/wp-json\/wp\/v2\/media?parent=29817"}],"wp:term":[{"taxonomy":"category","embeddable":true,"href":"https:\/\/www.actualidadadiario.com\/index.php\/wp-json\/wp\/v2\/categories?post=29817"},{"taxonomy":"post_tag","embeddable":true,"href":"https:\/\/www.actualidadadiario.com\/index.php\/wp-json\/wp\/v2\/tags?post=29817"}],"curies":[{"name":"wp","href":"https:\/\/api.w.org\/{rel}","templated":true}]}}