{"id":29814,"date":"2018-07-10T11:23:31","date_gmt":"2018-07-10T14:23:31","guid":{"rendered":"https:\/\/www.actualidadadiario.com\/?p=29814"},"modified":"2018-11-06T19:42:04","modified_gmt":"2018-11-06T22:42:04","slug":"bordet-ratifico-el-compromiso-de-su-gestion-con-las-escuelas-rurales","status":"publish","type":"post","link":"https:\/\/www.actualidadadiario.com\/index.php\/2018\/07\/10\/bordet-ratifico-el-compromiso-de-su-gestion-con-las-escuelas-rurales\/","title":{"rendered":"Bordet ratific\u00f3 el compromiso de su gesti\u00f3n con las escuelas rurales"},"content":{"rendered":"<p><em><strong>Estudiantes y docentes de escuelas rurales y urbanas de La Paz, Paran\u00e1 y Concordia viajaron este lunes a R\u00edo Tercero, C\u00f3rdoba, en el marco del programa Turismo Educativo de la provincia. \u201cHay que darles los mismos derechos que tiene cualquier otro chico en cualquier otra escuela\u201d, sostuvo Bordet<\/strong><\/em><\/p>\n<p>&nbsp;<\/p>\n<p>&nbsp;<\/p>\n<p>&nbsp;<\/p>\n<p>&nbsp;<\/p>\n<p>&nbsp;<\/p>\n<p>El mandatario, acompa\u00f1ado por su esposa, Mariel \u00c1vila y por la ministra de Desarrollo Social, Laura Stratta, despidi\u00f3 a los estudiantes en Casa de Gobierno: \u201cSon escuelas rurales que no tienen mucha matr\u00edcula, pero que est\u00e1n enclavadas en lugares alejados de nuestra provincia y que muchas veces est\u00e1n invisibilizadas y olvidadas\u201d, expres\u00f3.<\/p>\n<p>&nbsp;<\/p>\n<p>\u201cPara nosotros esas escuelas son muy importantes, y m\u00e1s importante a\u00fan esos chicos porque son entrerrianos a los cuales hay que darles los mismos derechos que tiene cualquier otro chico en cualquier otra escuela del territorio de nuestra provincia&#8221;, remarc\u00f3 el mandatario.<\/p>\n<p>&nbsp;<\/p>\n<p>En ese sentido, Bordet tambi\u00e9n destac\u00f3 que \u201ces una hermosa oportunidad para que nuestros chicos conozcan el pa\u00eds y que interact\u00faen con otros ni\u00f1os que estar\u00e1n tambi\u00e9n en el complejo de C\u00f3rdoba que nuclea y alberga a ni\u00f1os que se dar\u00e1n cita para esta fecha patria, para este 9 de julio&#8221;, y que los viajantes pertenecen a \u201cescuelas rurales de algunos lugares muy lejanos como Puerto V\u00edbora, Paso de Gallo y Alcaraz Norte, entre otras\u201d.<\/p>\n<p>&nbsp;<\/p>\n<p>Por \u00faltimo, y antes de partir a San Salvador donde se realizar\u00e1 el acto oficial por la Declaraci\u00f3n de la Independencia, Bordet expres\u00f3 la \u201cgran alegr\u00eda\u201d de \u201cpoder compartir con ellos y con sus familias una experiencia que es \u00fanica e in\u00e9dita\u201d, para \u201cdisfrutar y generar v\u00ednculos de camarader\u00eda con los otros ni\u00f1os, pero fundamentalmente de aprender porque se trata de eso\u201d. \u201cFeliz de tener este momento tan importante en la vida de los chicos y poder compartirlo&#8221;, agreg\u00f3.<\/p>\n<p>&nbsp;<\/p>\n<p>El viaje es organizado a trav\u00e9s de la l\u00ednea Turismo Educativo de la Coordinaci\u00f3n de Pol\u00edticas Socioeducativas del Consejo General de Educaci\u00f3n. En ese marco, egresados del nivel primario de escuelas de zonas rurales y urbanas de los departamentos La Paz, Concordia y Paran\u00e1 viajar\u00e1n con todo pago al complejo de Embalse R\u00edo Tercero durante una semana, donde disfrutar\u00e1n de actividades tur\u00edsticas, recreativas y deportivas.<\/p>\n<p>&nbsp;<\/p>\n<p>En esta oportunidad son cinco escuelas de zonas rurales y dos urbanas, a saber: escuela N\u00b033 Paso a Paso, de Colonia San Justo, Concordia; la N\u00b0 36 Delisario Rold\u00e1n, de Alcar\u00e1z Norte; la N\u00b0 30 Fray Mamerto Esqui\u00fa, de Paraje El Chimango Yeso Oeste; la N\u00b0 166 Prof. Facundo Arce, dePuerto V\u00edboras; la N\u00b0 48 Carlos Ma. Onetti, de Santa Elena; la N\u00b0 190 Obispo Gelabert y Crespo y la N\u00b01 C\u00e9sar Blas P\u00e9rez Colman, ambas de Paran\u00e1.<\/p>\n","protected":false},"excerpt":{"rendered":"<p>Estudiantes y docentes de escuelas rurales y urbanas de La Paz, Paran\u00e1 y Concordia viajaron este lunes a R\u00edo Tercero, C\u00f3rdoba, en el marco del programa Turismo Educativo de la provincia. \u201cHay que darles los mismos derechos que tiene cualquier otro chico en cualquier otra escuela\u201d, sostuvo Bordet &nbsp; &nbsp; &nbsp; &nbsp; &nbsp; El mandatario, acompa\u00f1ado por su esposa, Mariel \u00c1vila y por la ministra de Desarrollo Social, Laura Stratta, despidi\u00f3 a los estudiantes en Casa de Gobierno: \u201cSon escuelas rurales que no tienen mucha matr\u00edcula, pero que est\u00e1n enclavadas&#8230;<\/p>\n","protected":false},"author":3,"featured_media":29815,"comment_status":"closed","ping_status":"closed","sticky":false,"template":"","format":"standard","meta":[],"categories":[15],"tags":[],"_links":{"self":[{"href":"https:\/\/www.actualidadadiario.com\/index.php\/wp-json\/wp\/v2\/posts\/29814"}],"collection":[{"href":"https:\/\/www.actualidadadiario.com\/index.php\/wp-json\/wp\/v2\/posts"}],"about":[{"href":"https:\/\/www.actualidadadiario.com\/index.php\/wp-json\/wp\/v2\/types\/post"}],"author":[{"embeddable":true,"href":"https:\/\/www.actualidadadiario.com\/index.php\/wp-json\/wp\/v2\/users\/3"}],"replies":[{"embeddable":true,"href":"https:\/\/www.actualidadadiario.com\/index.php\/wp-json\/wp\/v2\/comments?post=29814"}],"version-history":[{"count":1,"href":"https:\/\/www.actualidadadiario.com\/index.php\/wp-json\/wp\/v2\/posts\/29814\/revisions"}],"predecessor-version":[{"id":29816,"href":"https:\/\/www.actualidadadiario.com\/index.php\/wp-json\/wp\/v2\/posts\/29814\/revisions\/29816"}],"wp:featuredmedia":[{"embeddable":true,"href":"https:\/\/www.actualidadadiario.com\/index.php\/wp-json\/wp\/v2\/media\/29815"}],"wp:attachment":[{"href":"https:\/\/www.actualidadadiario.com\/index.php\/wp-json\/wp\/v2\/media?parent=29814"}],"wp:term":[{"taxonomy":"category","embeddable":true,"href":"https:\/\/www.actualidadadiario.com\/index.php\/wp-json\/wp\/v2\/categories?post=29814"},{"taxonomy":"post_tag","embeddable":true,"href":"https:\/\/www.actualidadadiario.com\/index.php\/wp-json\/wp\/v2\/tags?post=29814"}],"curies":[{"name":"wp","href":"https:\/\/api.w.org\/{rel}","templated":true}]}}