{"id":2981,"date":"2016-10-20T09:58:39","date_gmt":"2016-10-20T12:58:39","guid":{"rendered":"http:\/\/actualidadadiario.com\/site\/?p=2981"},"modified":"2016-10-20T09:58:39","modified_gmt":"2016-10-20T12:58:39","slug":"las-bolsas-de-michetti-mas-testigos-complican-a-la-vicepresidenta-por-las-donaciones","status":"publish","type":"post","link":"https:\/\/www.actualidadadiario.com\/index.php\/2016\/10\/20\/las-bolsas-de-michetti-mas-testigos-complican-a-la-vicepresidenta-por-las-donaciones\/","title":{"rendered":"Las bolsas de Michetti: m\u00e1s testigos complican a la vicepresidenta por las donaciones"},"content":{"rendered":"<p><em><strong>El propio empleado de la vicepresidenta confirm\u00f3 que el efectivo se recolect\u00f3 en su despacho dentro de la C\u00e1mara Alta y que cont\u00f3 con la participaci\u00f3n de Federico Pinedo<\/strong><\/em><\/p>\n<p>&nbsp;<\/p>\n<p>&nbsp;<\/p>\n<p>&nbsp;<\/p>\n<p>La \u00faltima ronda de declaraciones testimoniales en la causa que investiga el origen de los fondos que le robaron a Gabriela Michetti termin\u00f3 por confirmar que la Fundaci\u00f3n SUMA no confeccion\u00f3 ning\u00fan tipo de recibo por las supuestas donaciones. El propio asesor de la vicepresidenta -imputada en la causa- confes\u00f3 que el dinero fue recolectado dentro de su despacho en el Senado.<\/p>\n<p>&nbsp;<\/p>\n<p>Seg\u00fan se desprende en la declaraci\u00f3n testimonial de Santiago Riob\u00f3 a la que tuvo acceso El Destape, el empleado de la Fundaci\u00f3n SUMA y asesor de Michetti en el Senado admiti\u00f3 haber sido uno de los encargados de la colecta de fondos para la cena de fin de a\u00f1o por expreso pedido de la vicepresidenta, y, se\u00f1al\u00f3 que el dinero fue juntado en el propio despacho del Senado: &#8220;Todas las personas que mencion\u00e9 me entregaron el dinero en el despacho de Senadora, en la planta baja del Senado, porque fue antes del 10 de diciembre de 2015&#8221;, explic\u00f3 en su declaraci\u00f3n, tomada en sede judicial el pasado 11 de octubre.<\/p>\n<p>&nbsp;<\/p>\n<p>Riob\u00f3 asegur\u00f3 que no confeccion\u00f3 ning\u00fan tipo de recibo ni documento respaldatorio por todas las donaciones que fueron juntando: &#8220;Fue de esa manera porque cuando Gabriela nos pidi\u00f3 colaboraci\u00f3n, me solicit\u00f3 que fuera anotando los nombres y los montos para despu\u00e9s hacerles los recibos y para agradecerles a cada uno&#8221;, detall\u00f3.<\/p>\n<p>&nbsp;<\/p>\n<p>En este sentido, el empleado de Fundaci\u00f3n SUMA, que tambi\u00e9n cuenta con un jugoso contrato categor\u00eda A1 en el Senado, asegur\u00f3 que tambi\u00e9n participaron de la recaudaci\u00f3n el presidente provisional de la C\u00e1mara Alta, Federico Pinedo, Silvina Michetti y Alejandra Illia, hermana y la prima de la vice, que tambi\u00e9n trabaja junto a ella en el Senado, aunque no en la Fundaci\u00f3n, quienes le entregaron $70.000 y $75.000 en otro sobre dentro del despacho de la vice, por los cuales tampoco se habr\u00edan confeccionado recibos: &#8220;Con motivo de esos aportes, entiendo que Federico Pinedo y Silvina Michetti no entregaron recibos por las donaciones realizadas, porque la modalidad era la misma; esto es, entregar un listado con los nombres y montos para que una vez que Gabriela entregara el dinero a la Fundaci\u00f3n se confeccionen los recibos correspondientes&#8221;, declar\u00f3 en sede judicial Riob\u00f3.<\/p>\n<p>&nbsp;<\/p>\n<p>Por otra parte, Riob\u00f3 contradijo a la propia prima de la vice, quien en su declaraci\u00f3n ante el juez Lijo asegur\u00f3 no haber participado &#8220;en ninguna de las colectas&#8221; de la Fundaci\u00f3n SUMA: Alejandra Illia que trabajaba en el despacho y se hab\u00eda encontrado con Silvina Michetti, quien es prima de Alejandra y hermana de Gabriela, le entreg\u00f3 otro dinero que Silvina hab\u00eda recaudado tambi\u00e9n a pedido de Gabriela entre su entorno familiar y de amigos de la localidad de Laprida&#8221;, dijo el empleado de Michetti, contrariamente a lo afirmado por Illia ante el juez al d\u00eda siguiente.<\/p>\n<p>&nbsp;<\/p>\n<p>Por \u00faltimo, el propio Riob\u00f3 admiti\u00f3 haber realizado aportes a la Fundaci\u00f3n anteriormente, aunque con tarjeta de cr\u00e9dito y v\u00eda web. Sin embargo, realiz\u00f3 una \u00faltima donaci\u00f3n por $2.500 a fin de a\u00f1o y, al igual que en todos los otros casos, la hizo en efectivo, y tampoco confeccion\u00f3 recibo, siquiera a s\u00ed mismo: &#8221; Respecto de los dos mil quinientos pesos que aport\u00e9 a principios de 2015 no tuve recibo porque se iba a confeccionar una vez que ingresara el dinero a la Fundaci\u00f3n y finalmente no pas\u00f3&#8221;, concluy\u00f3.<\/p>\n<p>&nbsp;<\/p>\n<p>Por otra parte, los testigos que declararon la semana pasada en la causa, admitieron haber realizado aportes en efectivo a la Fundaci\u00f3n que preside Michetti, aunque, en todos los casos se repite el mismo modus operandi: ninguno de ellos cuenta con el comprobante de extracci\u00f3n bancaria as\u00ed como tampoco recibieron un documento que respalde su aporte a SUMA, que cada vez est\u00e1 m\u00e1s complicado ante la Justicia.<\/p>\n","protected":false},"excerpt":{"rendered":"<p>El propio empleado de la vicepresidenta confirm\u00f3 que el efectivo se recolect\u00f3 en su despacho dentro de la C\u00e1mara Alta y que cont\u00f3 con la participaci\u00f3n de Federico Pinedo &nbsp; &nbsp; &nbsp; La \u00faltima ronda de declaraciones testimoniales en la causa que investiga el origen de los fondos que le robaron a Gabriela Michetti termin\u00f3 por confirmar que la Fundaci\u00f3n SUMA no confeccion\u00f3 ning\u00fan tipo de recibo por las supuestas donaciones. El propio asesor de la vicepresidenta -imputada en la causa- confes\u00f3 que el dinero fue recolectado dentro de su&#8230;<\/p>\n","protected":false},"author":3,"featured_media":2982,"comment_status":"closed","ping_status":"closed","sticky":false,"template":"","format":"standard","meta":[],"categories":[18],"tags":[],"_links":{"self":[{"href":"https:\/\/www.actualidadadiario.com\/index.php\/wp-json\/wp\/v2\/posts\/2981"}],"collection":[{"href":"https:\/\/www.actualidadadiario.com\/index.php\/wp-json\/wp\/v2\/posts"}],"about":[{"href":"https:\/\/www.actualidadadiario.com\/index.php\/wp-json\/wp\/v2\/types\/post"}],"author":[{"embeddable":true,"href":"https:\/\/www.actualidadadiario.com\/index.php\/wp-json\/wp\/v2\/users\/3"}],"replies":[{"embeddable":true,"href":"https:\/\/www.actualidadadiario.com\/index.php\/wp-json\/wp\/v2\/comments?post=2981"}],"version-history":[{"count":1,"href":"https:\/\/www.actualidadadiario.com\/index.php\/wp-json\/wp\/v2\/posts\/2981\/revisions"}],"predecessor-version":[{"id":2983,"href":"https:\/\/www.actualidadadiario.com\/index.php\/wp-json\/wp\/v2\/posts\/2981\/revisions\/2983"}],"wp:featuredmedia":[{"embeddable":true,"href":"https:\/\/www.actualidadadiario.com\/index.php\/wp-json\/wp\/v2\/media\/2982"}],"wp:attachment":[{"href":"https:\/\/www.actualidadadiario.com\/index.php\/wp-json\/wp\/v2\/media?parent=2981"}],"wp:term":[{"taxonomy":"category","embeddable":true,"href":"https:\/\/www.actualidadadiario.com\/index.php\/wp-json\/wp\/v2\/categories?post=2981"},{"taxonomy":"post_tag","embeddable":true,"href":"https:\/\/www.actualidadadiario.com\/index.php\/wp-json\/wp\/v2\/tags?post=2981"}],"curies":[{"name":"wp","href":"https:\/\/api.w.org\/{rel}","templated":true}]}}