{"id":29807,"date":"2018-07-06T10:12:18","date_gmt":"2018-07-06T13:12:18","guid":{"rendered":"https:\/\/www.actualidadadiario.com\/?p=29807"},"modified":"2018-11-06T19:42:04","modified_gmt":"2018-11-06T22:42:04","slug":"movimientos-sociales-anuncian-huelga-de-hambre-y-protestas-por-la-libertad-de-lula","status":"publish","type":"post","link":"https:\/\/www.actualidadadiario.com\/index.php\/2018\/07\/06\/movimientos-sociales-anuncian-huelga-de-hambre-y-protestas-por-la-libertad-de-lula\/","title":{"rendered":"Movimientos sociales anuncian huelga de hambre y protestas por la libertad de Lula"},"content":{"rendered":"<p><em><strong>Un grupo de once militantes de los movimientos sociales de Brasil se preparan para iniciar una huelga de hambre para reclamar la libertad del expresidente brasile\u00f1o Luiz In\u00e1cio Lula da Silva, quien se encuentra en una prisi\u00f3n en Curitiba, tras un juicio denunciado como persecuci\u00f3n judicial<\/strong><\/em><\/p>\n<p>&nbsp;<\/p>\n<p>&nbsp;<\/p>\n<p>&nbsp;<\/p>\n<p>&nbsp;<\/p>\n<p>La huelga de hambre cuenta con el respaldo de la direcci\u00f3n del Partido de los Trabajadores (PT) y se prev\u00e9 que se d\u00e9 a finales de este mes en Brasilia, cercano a las instalaciones del Supremo Tribunal Federal (STF), rese\u00f1an medios locales.<\/p>\n<p>&nbsp;<\/p>\n<p>Adem\u00e1s, subrayan que la posibilidad de que el propio Lula haga huelga de hambre no est\u00e1 descartada, en reclamo a lo que consideran un retraso de la justicia de esa naci\u00f3n.<\/p>\n<p>&nbsp;<\/p>\n<p>En los a\u00f1os 80 el l\u00edder del PT fue obligado a promover una protesta de este tipo para llamar la atenci\u00f3n de la sociedad y de la justicia.<\/p>\n<p>&nbsp;<\/p>\n<p>Entre los a\u00f1os 1964 y 1985 Brasil estaba dominado por la dictadura militar, en ese entonces Lula Estuvo preso por 31 d\u00edas acusado supuestamente de atentar contra el orden y prosperidad nacional por su labor como l\u00edder sindical.<\/p>\n<p>&nbsp;<\/p>\n<p>Este martes, Lula public\u00f3 una carta en la que exige al Supremo Tribunal Federal (STF) que respete el Estado Democr\u00e1tico de Derecho y denunci\u00f3 las maniobras de ministros de esa corte que impiden juzgar con imparcialidad los recursos presentados por su defensa.<\/p>\n<p>&nbsp;<\/p>\n<p>En la misiva, el dirigente del PT remarc\u00f3 que no est\u00e1 \u201cpidiendo un favor\u201d, sino \u201cexigiendo respeto\u201d. Reiter\u00f3 que no cometi\u00f3 ning\u00fan delito y confirm\u00f3 una vez m\u00e1s que ser\u00e1 candidato a presidente de la Rep\u00fablica hasta que sea presentado \u201cpor lo menos una prueba material que macule mi inocencia\u201d.<\/p>\n<p>&nbsp;<\/p>\n<p>Otra acci\u00f3n que prev\u00e9 llevar la direcci\u00f3n del PT ser\u00e1 la entrega de un documento firmado a los tribunales superiores el 15 de agosto.<\/p>\n","protected":false},"excerpt":{"rendered":"<p>Un grupo de once militantes de los movimientos sociales de Brasil se preparan para iniciar una huelga de hambre para reclamar la libertad del expresidente brasile\u00f1o Luiz In\u00e1cio Lula da Silva, quien se encuentra en una prisi\u00f3n en Curitiba, tras un juicio denunciado como persecuci\u00f3n judicial &nbsp; &nbsp; &nbsp; &nbsp; La huelga de hambre cuenta con el respaldo de la direcci\u00f3n del Partido de los Trabajadores (PT) y se prev\u00e9 que se d\u00e9 a finales de este mes en Brasilia, cercano a las instalaciones del Supremo Tribunal Federal (STF), rese\u00f1an&#8230;<\/p>\n","protected":false},"author":3,"featured_media":29808,"comment_status":"closed","ping_status":"closed","sticky":false,"template":"","format":"standard","meta":[],"categories":[4],"tags":[],"_links":{"self":[{"href":"https:\/\/www.actualidadadiario.com\/index.php\/wp-json\/wp\/v2\/posts\/29807"}],"collection":[{"href":"https:\/\/www.actualidadadiario.com\/index.php\/wp-json\/wp\/v2\/posts"}],"about":[{"href":"https:\/\/www.actualidadadiario.com\/index.php\/wp-json\/wp\/v2\/types\/post"}],"author":[{"embeddable":true,"href":"https:\/\/www.actualidadadiario.com\/index.php\/wp-json\/wp\/v2\/users\/3"}],"replies":[{"embeddable":true,"href":"https:\/\/www.actualidadadiario.com\/index.php\/wp-json\/wp\/v2\/comments?post=29807"}],"version-history":[{"count":1,"href":"https:\/\/www.actualidadadiario.com\/index.php\/wp-json\/wp\/v2\/posts\/29807\/revisions"}],"predecessor-version":[{"id":29809,"href":"https:\/\/www.actualidadadiario.com\/index.php\/wp-json\/wp\/v2\/posts\/29807\/revisions\/29809"}],"wp:featuredmedia":[{"embeddable":true,"href":"https:\/\/www.actualidadadiario.com\/index.php\/wp-json\/wp\/v2\/media\/29808"}],"wp:attachment":[{"href":"https:\/\/www.actualidadadiario.com\/index.php\/wp-json\/wp\/v2\/media?parent=29807"}],"wp:term":[{"taxonomy":"category","embeddable":true,"href":"https:\/\/www.actualidadadiario.com\/index.php\/wp-json\/wp\/v2\/categories?post=29807"},{"taxonomy":"post_tag","embeddable":true,"href":"https:\/\/www.actualidadadiario.com\/index.php\/wp-json\/wp\/v2\/tags?post=29807"}],"curies":[{"name":"wp","href":"https:\/\/api.w.org\/{rel}","templated":true}]}}