{"id":29804,"date":"2018-07-06T10:11:39","date_gmt":"2018-07-06T13:11:39","guid":{"rendered":"https:\/\/www.actualidadadiario.com\/?p=29804"},"modified":"2018-11-06T19:42:04","modified_gmt":"2018-11-06T22:42:04","slug":"crisis-en-nicaragua-otros-tres-muertos-en-protestas-y-eeuu-sanciona-a-funcionarios","status":"publish","type":"post","link":"https:\/\/www.actualidadadiario.com\/index.php\/2018\/07\/06\/crisis-en-nicaragua-otros-tres-muertos-en-protestas-y-eeuu-sanciona-a-funcionarios\/","title":{"rendered":"Crisis en Nicaragua: otros tres muertos en protestas y EEUU sanciona a funcionarios"},"content":{"rendered":"<p><em><strong>Un ataque de paramilitares y fuerzas policiales que pretend\u00eda desmantelar las barricadas en el barrio ind\u00edgena de Sutiaba, en Le\u00f3n, dej\u00f3 como resultados: tres personas fallecidas, decenas de heridos y m\u00e1s de 20 secuestrados<\/strong><\/em><\/p>\n<p>&nbsp;<\/p>\n<p>&nbsp;<\/p>\n<p>&nbsp;<\/p>\n<p>&nbsp;<\/p>\n<p>Danny L\u00f3pez Morales, de 21 a\u00f1os, falleci\u00f3 de un balazo en el pecho, en el sector del Colegio Modesto Armijo, cuando llegaron m\u00e1s de 20 camionetas a atacar a la poblaci\u00f3n que se manten\u00eda en las barricadas.<\/p>\n<p>&nbsp;<\/p>\n<p>\u201cHay causas por las que merece la pena morir, pero no por las que vale la pena matar. Nicaragua unida, jam\u00e1s ser\u00e1 vencida\u201d, escribi\u00f3 horas antes de ser asesinado en su perfil de Facebook.<\/p>\n<p>&nbsp;<\/p>\n<p>Los otros dos fallecidos son Junior N\u00fa\u00f1ez y Alex V\u00e1zquez, dos j\u00f3venes que fallecieron de disparos certeros, inform\u00f3 el p\u00e1rroco de la Iglesia San Pedro de Le\u00f3n, V\u00edctor Morales.<\/p>\n<p>&nbsp;<\/p>\n<p>&nbsp;<\/p>\n<p><strong>Amanecer entre balas<\/strong><\/p>\n<p>La operaci\u00f3n inici\u00f3 a eso de las cinco de la ma\u00f1ana de este jueves en el barrio ind\u00edgena de Sutiaba, que hab\u00eda sido escenario de un ataque similar el 29 de junio pasado.<\/p>\n<p>&nbsp;<\/p>\n<p>Los hombres armados de las \u201cfuerzas combinadas\u201d, que sitiaron el barrio ind\u00edgena hicieron arrestos y se hicieron acompa\u00f1ar de maquinaria pesada para tumbar las barricadas que la poblaci\u00f3n de Sutiaba hab\u00eda erigido para protegerse de este tipo de ataques.<\/p>\n<p>&nbsp;<\/p>\n<p>Los paramilitares llegaron en unas 20 camionetas Hilux y sacaron de sus casas a algunos de los detenidos que fueron llevados con rumbo desconocido.<\/p>\n<p>&nbsp;<\/p>\n<p>Vecinos de Sutiaba divulgaron en redes sociales la muerte del joven de 21 a\u00f1os que deja en orfandad a un ni\u00f1o de un a\u00f1o.<\/p>\n<p>&nbsp;<\/p>\n<p>Las redes sociales tambi\u00e9n fueron aprovechadas por los miembros del Frente Sandinista de Liberaci\u00f3n Nacional (FSLN) para celebrar el \u00e9xito de la denominada \u201cOperaci\u00f3n Limpieza\u201d.<\/p>\n<p>&nbsp;<\/p>\n<p>&nbsp;<\/p>\n<p><strong>Agreden periodistas<\/strong><\/p>\n<p>El director de Radio Dar\u00edo, An\u00edbal Toru\u00f1o, denunci\u00f3 que durante el ataque de las fuerzas policiales y paramilitares dos de sus colaboradores fueron golpeados mientras daban cobertura a la represi\u00f3n gubernamental contra la poblaci\u00f3n del barrio ind\u00edgena.<\/p>\n<p>&nbsp;<\/p>\n<p>Adem\u00e1s, explic\u00f3 que los paramilitares destruyeron el equipo con el que ambos periodistas realizaban una transmisi\u00f3n en directo.<\/p>\n<p>&nbsp;<\/p>\n<p>\u201cEs lamentable que sigan violando los derechos humanos y la libertad de expresi\u00f3n. Mi condena a este ataque y mi denuncia al comisionado Domingo Navas, jefe de la Polic\u00eda de Le\u00f3n\u201d, lament\u00f3 Toru\u00f1o.<\/p>\n<p>&nbsp;<\/p>\n<p>\u201cMi oraci\u00f3n por esta querida poblaci\u00f3n. \u00a1Cuiden sus vidas! Que no se enga\u00f1e el Gobierno, reprimiendo y encarcelando, no obtiene ninguna victoria, m\u00e1s bien agudiza la crisis pol\u00edtica y se gana m\u00e1s rechazo del pueblo\u201d, dijo el influyente obispo Silvio B\u00e1ez, al conocer del ataque.<\/p>\n","protected":false},"excerpt":{"rendered":"<p>Un ataque de paramilitares y fuerzas policiales que pretend\u00eda desmantelar las barricadas en el barrio ind\u00edgena de Sutiaba, en Le\u00f3n, dej\u00f3 como resultados: tres personas fallecidas, decenas de heridos y m\u00e1s de 20 secuestrados &nbsp; &nbsp; &nbsp; &nbsp; Danny L\u00f3pez Morales, de 21 a\u00f1os, falleci\u00f3 de un balazo en el pecho, en el sector del Colegio Modesto Armijo, cuando llegaron m\u00e1s de 20 camionetas a atacar a la poblaci\u00f3n que se manten\u00eda en las barricadas. &nbsp; \u201cHay causas por las que merece la pena morir, pero no por las que&#8230;<\/p>\n","protected":false},"author":3,"featured_media":29805,"comment_status":"closed","ping_status":"closed","sticky":false,"template":"","format":"standard","meta":[],"categories":[4],"tags":[],"_links":{"self":[{"href":"https:\/\/www.actualidadadiario.com\/index.php\/wp-json\/wp\/v2\/posts\/29804"}],"collection":[{"href":"https:\/\/www.actualidadadiario.com\/index.php\/wp-json\/wp\/v2\/posts"}],"about":[{"href":"https:\/\/www.actualidadadiario.com\/index.php\/wp-json\/wp\/v2\/types\/post"}],"author":[{"embeddable":true,"href":"https:\/\/www.actualidadadiario.com\/index.php\/wp-json\/wp\/v2\/users\/3"}],"replies":[{"embeddable":true,"href":"https:\/\/www.actualidadadiario.com\/index.php\/wp-json\/wp\/v2\/comments?post=29804"}],"version-history":[{"count":1,"href":"https:\/\/www.actualidadadiario.com\/index.php\/wp-json\/wp\/v2\/posts\/29804\/revisions"}],"predecessor-version":[{"id":29806,"href":"https:\/\/www.actualidadadiario.com\/index.php\/wp-json\/wp\/v2\/posts\/29804\/revisions\/29806"}],"wp:featuredmedia":[{"embeddable":true,"href":"https:\/\/www.actualidadadiario.com\/index.php\/wp-json\/wp\/v2\/media\/29805"}],"wp:attachment":[{"href":"https:\/\/www.actualidadadiario.com\/index.php\/wp-json\/wp\/v2\/media?parent=29804"}],"wp:term":[{"taxonomy":"category","embeddable":true,"href":"https:\/\/www.actualidadadiario.com\/index.php\/wp-json\/wp\/v2\/categories?post=29804"},{"taxonomy":"post_tag","embeddable":true,"href":"https:\/\/www.actualidadadiario.com\/index.php\/wp-json\/wp\/v2\/tags?post=29804"}],"curies":[{"name":"wp","href":"https:\/\/api.w.org\/{rel}","templated":true}]}}