{"id":29795,"date":"2018-07-06T10:08:28","date_gmt":"2018-07-06T13:08:28","guid":{"rendered":"https:\/\/www.actualidadadiario.com\/?p=29795"},"modified":"2018-11-06T19:42:05","modified_gmt":"2018-11-06T22:42:05","slug":"dilma-vuelve-a-la-politica-como-candidata-al-senado","status":"publish","type":"post","link":"https:\/\/www.actualidadadiario.com\/index.php\/2018\/07\/06\/dilma-vuelve-a-la-politica-como-candidata-al-senado\/","title":{"rendered":"Dilma vuelve a la pol\u00edtica como candidata al Senado"},"content":{"rendered":"<p><em><strong>A dos a\u00f1os de su destituci\u00f3n por parte del Congreso brasile\u00f1o por presuntas irregularidades presupuestarias, y animada desde la c\u00e1rcel por el tambi\u00e9n exmandatario Luiz In\u00e1cio Lula da Silva, compa\u00f1ero de filas en el Partido de los Trabajadores (PT), Dilma Rousseff regresa a la pol\u00edtica como candidata al Senado en las elecciones de octubre<\/strong><\/em><\/p>\n<p>&nbsp;<\/p>\n<p>&nbsp;<\/p>\n<p>&nbsp;<\/p>\n<p>&#8220;En mi vida he vivido dos golpes de Estado. En la dictadura [1964-1985] y este&#8221;, dijo Rousseff amargamente el 31 de agosto de 2016 ante un Senado que confirm\u00f3 su destituci\u00f3n.<\/p>\n<p>&nbsp;<\/p>\n<p>A consecuencia del proceso de impeachment no puede aspirar a la presidencia hasta 2024. Por eso, Rousseff ser\u00e1 candidata al Senado por el Estado en que naci\u00f3, Minas Gerais, al sureste del pa\u00eds. Por iron\u00edas del destino, es la misma regi\u00f3n de A\u00e9cio Neves, del Partido de la Social Democracia Brasile\u00f1o (PSDB), derrotado por ella en las presidenciales de 2014. Neves tambi\u00e9n se presenta a senador.<\/p>\n<p>&nbsp;<\/p>\n<p>La exmandataria en esta apuesta pol\u00edtica dejar atr\u00e1s una destituci\u00f3n que ella misma calific\u00f3 de golpe de Estado orquestado por las fuerzas conservadoras de Brasil. Con el Gobierno de Michel Temer, que fue su vicepresidente y ocup\u00f3 su puesto, se ha aprobado una reforma laboral y se han recortado programas sociales.<\/p>\n<p>&nbsp;<\/p>\n<p>Desde que dej\u00f3 el Ejecutivo, Rousseff se ha dedicado a participar en encuentros pol\u00edticos en varios pa\u00edses para dar su versi\u00f3n sobre el impeachment que vivi\u00f3. &#8220;Hicieron una campa\u00f1a machista y mis\u00f3gina contra m\u00ed&#8221;, dijo la semana pasada cuando anunci\u00f3 que pretende volver a la pol\u00edtica con el apoyo de las urnas.<\/p>\n<p>&nbsp;<\/p>\n<p>Antes de ser elegida, la pol\u00edtica brasile\u00f1a tendr\u00e1 que superar los fantasmas de sus propias derrotas. La acusan de ser responsable de la profunda recesi\u00f3n que ha vivido Brasil en los dos \u00faltimos a\u00f1os, y la persiguen los ecos de la Operaci\u00f3n Lava Jato, que investig\u00f3 la corrupci\u00f3n en el gigante estatal Petrobras y puso a su Gobierno de rodillas. Rousseff vivi\u00f3 un final ag\u00f3nico, con denuncias diarias que la dejaron sin apoyo. Su aprobaci\u00f3n baj\u00f3 hasta el 8%. Y entonces lleg\u00f3 la imputaci\u00f3n del Congreso en 2016, un proceso pol\u00edtico que acab\u00f3 en la salida del cargo por supuestamente maquillar las cuentas p\u00fablicas para anticipar recursos pendientes de ingresar en las arcas p\u00fablicas.<\/p>\n<p>&nbsp;<\/p>\n<p>Rousseff se va a presentar de la mano del expresidente Lula da Silva, que desde abril est\u00e1 preso por una sentencia de corrupci\u00f3n. Aunque entre rejas, el exmandatario est\u00e1 en primer lugar en las encuestas electorales, con un impresionante 30% de apoyo pese a no poder concurrir. &#8220;\u00c9l me empuj\u00f3 a presentarme&#8221;, ha contado Rousseff.<\/p>\n","protected":false},"excerpt":{"rendered":"<p>A dos a\u00f1os de su destituci\u00f3n por parte del Congreso brasile\u00f1o por presuntas irregularidades presupuestarias, y animada desde la c\u00e1rcel por el tambi\u00e9n exmandatario Luiz In\u00e1cio Lula da Silva, compa\u00f1ero de filas en el Partido de los Trabajadores (PT), Dilma Rousseff regresa a la pol\u00edtica como candidata al Senado en las elecciones de octubre &nbsp; &nbsp; &nbsp; &#8220;En mi vida he vivido dos golpes de Estado. En la dictadura [1964-1985] y este&#8221;, dijo Rousseff amargamente el 31 de agosto de 2016 ante un Senado que confirm\u00f3 su destituci\u00f3n. &nbsp; A&#8230;<\/p>\n","protected":false},"author":3,"featured_media":29796,"comment_status":"closed","ping_status":"closed","sticky":false,"template":"","format":"standard","meta":[],"categories":[4],"tags":[],"_links":{"self":[{"href":"https:\/\/www.actualidadadiario.com\/index.php\/wp-json\/wp\/v2\/posts\/29795"}],"collection":[{"href":"https:\/\/www.actualidadadiario.com\/index.php\/wp-json\/wp\/v2\/posts"}],"about":[{"href":"https:\/\/www.actualidadadiario.com\/index.php\/wp-json\/wp\/v2\/types\/post"}],"author":[{"embeddable":true,"href":"https:\/\/www.actualidadadiario.com\/index.php\/wp-json\/wp\/v2\/users\/3"}],"replies":[{"embeddable":true,"href":"https:\/\/www.actualidadadiario.com\/index.php\/wp-json\/wp\/v2\/comments?post=29795"}],"version-history":[{"count":1,"href":"https:\/\/www.actualidadadiario.com\/index.php\/wp-json\/wp\/v2\/posts\/29795\/revisions"}],"predecessor-version":[{"id":29797,"href":"https:\/\/www.actualidadadiario.com\/index.php\/wp-json\/wp\/v2\/posts\/29795\/revisions\/29797"}],"wp:featuredmedia":[{"embeddable":true,"href":"https:\/\/www.actualidadadiario.com\/index.php\/wp-json\/wp\/v2\/media\/29796"}],"wp:attachment":[{"href":"https:\/\/www.actualidadadiario.com\/index.php\/wp-json\/wp\/v2\/media?parent=29795"}],"wp:term":[{"taxonomy":"category","embeddable":true,"href":"https:\/\/www.actualidadadiario.com\/index.php\/wp-json\/wp\/v2\/categories?post=29795"},{"taxonomy":"post_tag","embeddable":true,"href":"https:\/\/www.actualidadadiario.com\/index.php\/wp-json\/wp\/v2\/tags?post=29795"}],"curies":[{"name":"wp","href":"https:\/\/api.w.org\/{rel}","templated":true}]}}