{"id":29783,"date":"2018-07-06T10:05:36","date_gmt":"2018-07-06T13:05:36","guid":{"rendered":"https:\/\/www.actualidadadiario.com\/?p=29783"},"modified":"2018-11-06T19:42:09","modified_gmt":"2018-11-06T22:42:09","slug":"macri-intervino-para-frenar-el-conflicto-militar-y-acepto-revisar-los-sueldos","status":"publish","type":"post","link":"https:\/\/www.actualidadadiario.com\/index.php\/2018\/07\/06\/macri-intervino-para-frenar-el-conflicto-militar-y-acepto-revisar-los-sueldos\/","title":{"rendered":"Macri intervino para frenar el conflicto militar y acept\u00f3 revisar los sueldos"},"content":{"rendered":"<p><em><strong>Aguad reconoci\u00f3 que atender\u00e1n el malestar de las fuerzas, que boicotearon el desfile del 9 de julio por la magra actualizaci\u00f3n. El personal civil prepara un paro y movilizaci\u00f3n<\/strong><\/em><\/p>\n<p>&nbsp;<\/p>\n<p>&nbsp;<\/p>\n<p>&nbsp;<\/p>\n<p>El Gobierno acept\u00f3 reabrir la discusi\u00f3n sobre la recomposici\u00f3n salarial del personal de las fuerzas armadas, que ayer por la ma\u00f1ana sorprendieron por su alto grado de confrontaci\u00f3n al forzar la suspensi\u00f3n del tradicional desfile militar por el D\u00eda de la Independencia a ra\u00edz del 8% de actualizaci\u00f3n que la Casa Rosada hab\u00eda definido otorgarles a mitad de semana.<\/p>\n<p>&nbsp;<\/p>\n<p>El ministro de Defensa, Oscar Aguad, confirm\u00f3 que se abri\u00f3 una instancia de di\u00e1logo, por pedido de Mauricio Macri, con los jefes del Ej\u00e9rcito, la Armada y la Fuerza A\u00e9rea para rever la recomposici\u00f3n salarial. Al aire en Radio Mitre, el funcionario se hizo &#8220;responsable&#8221; del bono que gener\u00f3 &#8220;malestar&#8221;, y complet\u00f3: &#8220;Fue un error, que est\u00e1 en v\u00edas de corregirse&#8221;.<\/p>\n<p>&nbsp;<\/p>\n<p>De acuerdo a sus expresiones y de fuentes militares a este diario, Defensa llevar\u00e1 &#8220;una nueva propuesta&#8221; desde el Edificio Libertador al Palacio de Hacienda, para aliviar el malestar de las bases y de los oficiales castrenses. La intenci\u00f3n es acordar un piso del 15%, como el que ya tiene el resto de la administraci\u00f3n p\u00fablica, y recomponer el suplemento por responsabilidad jer\u00e1rquica y el c\u00e1lculo de Suplemento por Administraci\u00f3n del Material, \u00edtems que engrosan los recibos de sueldo.<\/p>\n<p>&nbsp;<\/p>\n<p>La decisi\u00f3n de los oficiales de boicotear el tradicional cortejo castrense del 9 de julio rindi\u00f3 efecto inmediato ante un Gobierno que procura no abrir m\u00e1s frentes de conflicto. Fue un giro de 180 grados respecto a los t\u00e9rminos en los que el presidente Macri se expres\u00f3 una semana atr\u00e1s, cuando en Olivos le dijo al jefe del Estado Mayor Conjunto, Bari del Valle Sosa, que los militares deb\u00edan entender que eran &#8220;las fuerzas armadas de un pa\u00eds fundido&#8221;. Bajo esa impronta fue que Hacienda y Defensa se animaron a oficializar el martes de esta semana sumas remunerativas, no bonificables y no acumulables de $ 2000 y de $ 4500 en vez de un ajuste a tono con la inflaci\u00f3n. Hoy es letra muerta.<\/p>\n<p>&nbsp;<\/p>\n<p>Pese al gesto de descompresi\u00f3n, la novedad comunicada a \u00faltima hora no logr\u00f3 que se reanude el desfile (que la Casa Rosada cancel\u00f3 aduciendo &#8220;cuestiones presupuestarias&#8221;) ni el paro nacional con movilizaci\u00f3n del personal civil.<\/p>\n<p>&nbsp;<\/p>\n<p>En momentos de &#8220;turbulencia&#8221;, como le gusta expresar al oficialismo, los militares se reconocen como la &#8220;variable de ajuste&#8221; por donde el Gobierno puede acelerar el ajuste del gasto. Los sueldos de las tres fuerzas, m\u00e1s el personal administrativo, insumen cerca del 80% de las partidas del \u00e1rea de Defensa.<\/p>\n<p>&nbsp;<\/p>\n<p>Si bien los militares no est\u00e1n sindicalizados, ni pueden ejercer el derecho a huelga, s\u00ed tienen esa garant\u00eda los trabajadores civiles de las fuerzas armadas que, ante la paritaria a la baja, definieron movilizarse el jueves para reclamar que se reanuden conversaciones, se les reintegren d\u00edas de licencia y se contemplen los pases a planta.<\/p>\n<p>&nbsp;<\/p>\n<p>Maximiliano Bares, delegado de ATE en el Instituto de la Obra Social de las Fuerzas Armadas y de Seguridad (Iosfa) anunci\u00f3 luego de un plenario sindical la convocatoria a un paro nacional con marcha del sector. &#8220;Hay un malestar generalizado con la decisi\u00f3n del Gobierno de ajustar por todos lados. La mayor\u00eda de los compa\u00f1eros civiles cobramos $ 14.000 en mano; es decir, sueldos que est\u00e1n por debajo de la l\u00ednea de pobreza que marca el Indec&#8221;, coment\u00f3 el referente de una dotaci\u00f3n de casi 7000 empleados.<\/p>\n","protected":false},"excerpt":{"rendered":"<p>Aguad reconoci\u00f3 que atender\u00e1n el malestar de las fuerzas, que boicotearon el desfile del 9 de julio por la magra actualizaci\u00f3n. El personal civil prepara un paro y movilizaci\u00f3n &nbsp; &nbsp; &nbsp; El Gobierno acept\u00f3 reabrir la discusi\u00f3n sobre la recomposici\u00f3n salarial del personal de las fuerzas armadas, que ayer por la ma\u00f1ana sorprendieron por su alto grado de confrontaci\u00f3n al forzar la suspensi\u00f3n del tradicional desfile militar por el D\u00eda de la Independencia a ra\u00edz del 8% de actualizaci\u00f3n que la Casa Rosada hab\u00eda definido otorgarles a mitad de&#8230;<\/p>\n","protected":false},"author":3,"featured_media":29784,"comment_status":"closed","ping_status":"closed","sticky":false,"template":"","format":"standard","meta":[],"categories":[18],"tags":[],"_links":{"self":[{"href":"https:\/\/www.actualidadadiario.com\/index.php\/wp-json\/wp\/v2\/posts\/29783"}],"collection":[{"href":"https:\/\/www.actualidadadiario.com\/index.php\/wp-json\/wp\/v2\/posts"}],"about":[{"href":"https:\/\/www.actualidadadiario.com\/index.php\/wp-json\/wp\/v2\/types\/post"}],"author":[{"embeddable":true,"href":"https:\/\/www.actualidadadiario.com\/index.php\/wp-json\/wp\/v2\/users\/3"}],"replies":[{"embeddable":true,"href":"https:\/\/www.actualidadadiario.com\/index.php\/wp-json\/wp\/v2\/comments?post=29783"}],"version-history":[{"count":1,"href":"https:\/\/www.actualidadadiario.com\/index.php\/wp-json\/wp\/v2\/posts\/29783\/revisions"}],"predecessor-version":[{"id":29785,"href":"https:\/\/www.actualidadadiario.com\/index.php\/wp-json\/wp\/v2\/posts\/29783\/revisions\/29785"}],"wp:featuredmedia":[{"embeddable":true,"href":"https:\/\/www.actualidadadiario.com\/index.php\/wp-json\/wp\/v2\/media\/29784"}],"wp:attachment":[{"href":"https:\/\/www.actualidadadiario.com\/index.php\/wp-json\/wp\/v2\/media?parent=29783"}],"wp:term":[{"taxonomy":"category","embeddable":true,"href":"https:\/\/www.actualidadadiario.com\/index.php\/wp-json\/wp\/v2\/categories?post=29783"},{"taxonomy":"post_tag","embeddable":true,"href":"https:\/\/www.actualidadadiario.com\/index.php\/wp-json\/wp\/v2\/tags?post=29783"}],"curies":[{"name":"wp","href":"https:\/\/api.w.org\/{rel}","templated":true}]}}