{"id":29763,"date":"2018-07-06T10:00:05","date_gmt":"2018-07-06T13:00:05","guid":{"rendered":"https:\/\/www.actualidadadiario.com\/?p=29763"},"modified":"2018-11-06T19:42:09","modified_gmt":"2018-11-06T22:42:09","slug":"la-camara-electoral-solicita-cambiar-la-composicion-de-diputados","status":"publish","type":"post","link":"https:\/\/www.actualidadadiario.com\/index.php\/2018\/07\/06\/la-camara-electoral-solicita-cambiar-la-composicion-de-diputados\/","title":{"rendered":"La C\u00e1mara Electoral solicita cambiar la composici\u00f3n de Diputados"},"content":{"rendered":"<p><em><strong>Seg\u00fan los jueces Santiago Corcuera y Alberto Dalla V\u00eda, integrantes de la C\u00e1mara Nacional Electoral (CNE), la C\u00e1mara de Diputados deber\u00eda modificar su composici\u00f3n ya que hay provincias que poseen menor de legisladores de los que les corresponde por su cantidad de habitantes<\/strong><\/em><\/p>\n<p>&nbsp;<\/p>\n<p>&nbsp;<\/p>\n<p>&nbsp;<\/p>\n<p>El fallo, al que tuvo acceso La Naci\u00f3n, indica que se debe \u201cponer en conocimiento de la presente al Congreso de la Naci\u00f3n, a fin de que, en ejercicio de sus atribuciones, extreme los recaudos para ejecutar el mandato que establece el art\u00edculo 45 de la Constituci\u00f3n Nacional\u201d. La carta magna de la Naci\u00f3n marca que los diputados ser\u00e1n electos por un sistema de representaci\u00f3n proporcional de cada distrito y establece que el n\u00famero pautado de elecci\u00f3n debe renovarse luego de cada censo.<\/p>\n<p>&nbsp;<\/p>\n<p>En la actualidad, la representaci\u00f3n provincial de la C\u00e1mara baja est\u00e1 basada en el censo de 1980 porque nunca se actualiz\u00f3. \u201cResulta claramente anacr\u00f3nica\u201d, manifestaron los camaristas en referencia a la base poblacional que determina hoy la integraci\u00f3n de la C\u00e1mara de Diputados. \u201cDesconoce las variaciones demogr\u00e1ficas acaecidas en el pa\u00eds durante casi 40 a\u00f1os\u201d, afirmaron.<\/p>\n<p>&nbsp;<\/p>\n<p>A su vez, La C\u00e1mara Electoral no indica que el Congreso deba incrementar su n\u00famero total de legisladores; tambi\u00e9n podr\u00eda actualizar su composici\u00f3n con otro m\u00e9todo (podr\u00eda recurrir, por ejemplo, a elevar la base de c\u00e1lculo). De acuerdo con el fallo, el Congreso tiene la potestad de decidir c\u00f3mo ajusta su composici\u00f3n, pero la actualizaci\u00f3n de acuerdo al censo es un deber que le impone la Constituci\u00f3n.<\/p>\n","protected":false},"excerpt":{"rendered":"<p>Seg\u00fan los jueces Santiago Corcuera y Alberto Dalla V\u00eda, integrantes de la C\u00e1mara Nacional Electoral (CNE), la C\u00e1mara de Diputados deber\u00eda modificar su composici\u00f3n ya que hay provincias que poseen menor de legisladores de los que les corresponde por su cantidad de habitantes &nbsp; &nbsp; &nbsp; El fallo, al que tuvo acceso La Naci\u00f3n, indica que se debe \u201cponer en conocimiento de la presente al Congreso de la Naci\u00f3n, a fin de que, en ejercicio de sus atribuciones, extreme los recaudos para ejecutar el mandato que establece el art\u00edculo 45&#8230;<\/p>\n","protected":false},"author":3,"featured_media":29764,"comment_status":"closed","ping_status":"closed","sticky":false,"template":"","format":"standard","meta":[],"categories":[2],"tags":[],"_links":{"self":[{"href":"https:\/\/www.actualidadadiario.com\/index.php\/wp-json\/wp\/v2\/posts\/29763"}],"collection":[{"href":"https:\/\/www.actualidadadiario.com\/index.php\/wp-json\/wp\/v2\/posts"}],"about":[{"href":"https:\/\/www.actualidadadiario.com\/index.php\/wp-json\/wp\/v2\/types\/post"}],"author":[{"embeddable":true,"href":"https:\/\/www.actualidadadiario.com\/index.php\/wp-json\/wp\/v2\/users\/3"}],"replies":[{"embeddable":true,"href":"https:\/\/www.actualidadadiario.com\/index.php\/wp-json\/wp\/v2\/comments?post=29763"}],"version-history":[{"count":1,"href":"https:\/\/www.actualidadadiario.com\/index.php\/wp-json\/wp\/v2\/posts\/29763\/revisions"}],"predecessor-version":[{"id":29765,"href":"https:\/\/www.actualidadadiario.com\/index.php\/wp-json\/wp\/v2\/posts\/29763\/revisions\/29765"}],"wp:featuredmedia":[{"embeddable":true,"href":"https:\/\/www.actualidadadiario.com\/index.php\/wp-json\/wp\/v2\/media\/29764"}],"wp:attachment":[{"href":"https:\/\/www.actualidadadiario.com\/index.php\/wp-json\/wp\/v2\/media?parent=29763"}],"wp:term":[{"taxonomy":"category","embeddable":true,"href":"https:\/\/www.actualidadadiario.com\/index.php\/wp-json\/wp\/v2\/categories?post=29763"},{"taxonomy":"post_tag","embeddable":true,"href":"https:\/\/www.actualidadadiario.com\/index.php\/wp-json\/wp\/v2\/tags?post=29763"}],"curies":[{"name":"wp","href":"https:\/\/api.w.org\/{rel}","templated":true}]}}