{"id":2972,"date":"2016-10-20T09:56:05","date_gmt":"2016-10-20T12:56:05","guid":{"rendered":"http:\/\/actualidadadiario.com\/site\/?p=2972"},"modified":"2016-10-20T10:00:23","modified_gmt":"2016-10-20T13:00:23","slug":"niunamenos-multitudinaria-movilizacion-hacia-plaza-de-mayo-contra-los-femicidios","status":"publish","type":"post","link":"https:\/\/www.actualidadadiario.com\/index.php\/2016\/10\/20\/niunamenos-multitudinaria-movilizacion-hacia-plaza-de-mayo-contra-los-femicidios\/","title":{"rendered":"#NiUnaMenos: multitudinaria movilizaci\u00f3n hacia Plaza de Mayo contra los femicidios"},"content":{"rendered":"<p><em><strong>Tras una hora de paro en el Obelisco, hombres y mujeres marchan por Diagonal Norte, en el marco del &#8220;mi\u00e9rcoles negro&#8221;<\/strong><\/em><\/p>\n<p>&nbsp;<\/p>\n<p>&nbsp;<\/p>\n<p>&nbsp;<\/p>\n<p>Miles de mujeres y hombres se desplazan a Plaza de Mayo desde el Obelisco, donde se concentraron en el marco del &#8220;mi\u00e9rcoles negro&#8221; contra la violencia de g\u00e9nero y los femicidios.<\/p>\n<p>&nbsp;<\/p>\n<p>&nbsp;<\/p>\n<p>Miles de mujeres vestidas de negro, bajo una intensa lluvia y al grito de &#8216;Ni una menos, vivas nos queremos&#8217; realizaron el primer paro contra la violencia de g\u00e9nero y los femicidios, que se cumpli\u00f3 entre las 13 y las 14, como paso previo a la marcha.<\/p>\n<p>&nbsp;<\/p>\n<p>La manifestaci\u00f3n fue especialmente notable en el microcentro porte\u00f1o donde se concentran organismos p\u00fablicos desde donde salieron ellas a las calles para visibilizar las discriminaciones y la cultura machista que termina en la expresi\u00f3n m\u00e1s grave de la violencia: los femicidios.<\/p>\n<p>&nbsp;<\/p>\n<p>La movilizaci\u00f3n que se gest\u00f3 espont\u00e1neamente hace s\u00f3lo una semana, a partir del horrendo asesinato de la adolescente Luc\u00eda P\u00e9rez, de 16 a\u00f1os, en Mar del Plata, tuvo amplia adhesi\u00f3n de de empleadas de organismos p\u00fablicos, de empresas privadas, polic\u00edas, mujeres que realizan tareas de limpieza en oficinas c\u00e9ntricas, periodistas de medios con sus redacciones en la zona, acompa\u00f1adas en el ruidazo con las bocinas de colectivos y automovilistas.<\/p>\n<p>&nbsp;<\/p>\n<p>Luego de una hora de paro y ruidazo, las mujeres de negro, acompa\u00f1adas por hombre que se sumaron a la protesta, terminaron la primera acci\u00f3n del d\u00eda de protesta contra los femicidios con un aplauso y un abrazo colectivo.<\/p>\n","protected":false},"excerpt":{"rendered":"<p>Tras una hora de paro en el Obelisco, hombres y mujeres marchan por Diagonal Norte, en el marco del &#8220;mi\u00e9rcoles negro&#8221; &nbsp; &nbsp; &nbsp; Miles de mujeres y hombres se desplazan a Plaza de Mayo desde el Obelisco, donde se concentraron en el marco del &#8220;mi\u00e9rcoles negro&#8221; contra la violencia de g\u00e9nero y los femicidios. &nbsp; &nbsp; Miles de mujeres vestidas de negro, bajo una intensa lluvia y al grito de &#8216;Ni una menos, vivas nos queremos&#8217; realizaron el primer paro contra la violencia de g\u00e9nero y los femicidios, que&#8230;<\/p>\n","protected":false},"author":3,"featured_media":2987,"comment_status":"closed","ping_status":"closed","sticky":false,"template":"","format":"standard","meta":[],"categories":[9],"tags":[],"_links":{"self":[{"href":"https:\/\/www.actualidadadiario.com\/index.php\/wp-json\/wp\/v2\/posts\/2972"}],"collection":[{"href":"https:\/\/www.actualidadadiario.com\/index.php\/wp-json\/wp\/v2\/posts"}],"about":[{"href":"https:\/\/www.actualidadadiario.com\/index.php\/wp-json\/wp\/v2\/types\/post"}],"author":[{"embeddable":true,"href":"https:\/\/www.actualidadadiario.com\/index.php\/wp-json\/wp\/v2\/users\/3"}],"replies":[{"embeddable":true,"href":"https:\/\/www.actualidadadiario.com\/index.php\/wp-json\/wp\/v2\/comments?post=2972"}],"version-history":[{"count":1,"href":"https:\/\/www.actualidadadiario.com\/index.php\/wp-json\/wp\/v2\/posts\/2972\/revisions"}],"predecessor-version":[{"id":2974,"href":"https:\/\/www.actualidadadiario.com\/index.php\/wp-json\/wp\/v2\/posts\/2972\/revisions\/2974"}],"wp:featuredmedia":[{"embeddable":true,"href":"https:\/\/www.actualidadadiario.com\/index.php\/wp-json\/wp\/v2\/media\/2987"}],"wp:attachment":[{"href":"https:\/\/www.actualidadadiario.com\/index.php\/wp-json\/wp\/v2\/media?parent=2972"}],"wp:term":[{"taxonomy":"category","embeddable":true,"href":"https:\/\/www.actualidadadiario.com\/index.php\/wp-json\/wp\/v2\/categories?post=2972"},{"taxonomy":"post_tag","embeddable":true,"href":"https:\/\/www.actualidadadiario.com\/index.php\/wp-json\/wp\/v2\/tags?post=2972"}],"curies":[{"name":"wp","href":"https:\/\/api.w.org\/{rel}","templated":true}]}}