{"id":297,"date":"2016-08-25T09:02:59","date_gmt":"2016-08-25T12:02:59","guid":{"rendered":"http:\/\/actualidadadiario.com\/site\/?p=297"},"modified":"2016-08-25T09:02:59","modified_gmt":"2016-08-25T12:02:59","slug":"tabare-vazquez-dijo-que-macri-dio-beneplacito-a-uruguay-para-instalar-nueva-pastera","status":"publish","type":"post","link":"https:\/\/www.actualidadadiario.com\/index.php\/2016\/08\/25\/tabare-vazquez-dijo-que-macri-dio-beneplacito-a-uruguay-para-instalar-nueva-pastera\/","title":{"rendered":"Tabar\u00e9 V\u00e1zquez dijo que Macri dio benepl\u00e1cito a Uruguay para instalar nueva pastera"},"content":{"rendered":"<p><em><strong>El presidente de Uruguay, Tabar\u00e9 V\u00e1zquez, anunci\u00f3 el martes la ubicaci\u00f3n en la que se emplazar\u00eda una nueva planta papelera y se\u00f1al\u00f3 que su par argentino, Mauricio Macri, le dio el benepl\u00e1cito a la misma<\/strong><\/em><\/p>\n<p>&nbsp;<\/p>\n<p>&nbsp;<\/p>\n<p>&nbsp;<\/p>\n<p>La nueva planta de la firma finlandesa UPM se ubicar\u00eda sobre el R\u00edo Negro, el cual desemboca en el Uruguay, que hace de frontera natural con Argentina.<\/p>\n<p>La planta, que ser\u00eda la segunda de la compa\u00f1\u00eda n\u00f3rdica en Uruguay y sobre la que todav\u00eda se est\u00e1 estudiando la viabilidad de su instalaci\u00f3n, se ubicar\u00eda en un \u00e1rea de 25 kil\u00f3metros de radio en torno a la intersecci\u00f3n con la ruta 5 y el r\u00edo Negro, es decir, en el centro del pa\u00eds, entre los departamentos (provincias) de Durazno y Tacuaremb\u00f3.<\/p>\n<p>En un v\u00eddeo publicado en la web de la Presidencia, V\u00e1zquez, que este martes se reuni\u00f3 con dirigentes de la compa\u00f1\u00eda europea, asegur\u00f3 que los vertidos ser\u00e1n volcados aguas abajo de la localidad de Paso de los Toros -en el departamento de Tacuaremb\u00f3- y se\u00f1al\u00f3 que se extremar\u00e1n las medidas medioambientales.<\/p>\n<p>&#8220;En el d\u00eda de ayer -lunes- habl\u00e9 personalmente con el presidente Mauricio Macri de este tema para informarlo de la eventual instalaci\u00f3n de esta planta productora de pasta de celulosa&#8221;, dijo el presidente uruguayo.<\/p>\n<p>&#8220;Debo decir que la recepci\u00f3n que dio el se\u00f1or presidente de Argentina fue excelente, fue muy buena, y hemos acordado que no van a existir inconvenientes por parte de Argentina con Uruguay por la instalaci\u00f3n de este nuevo emprendimiento&#8221;, a\u00f1adi\u00f3 V\u00e1zquez.<\/p>\n<p>Cabe destacar que el hecho de que Uruguay informe a Argentina se debe al fallo de la Corte Internacional de Justicia (CIJ) de la Haya despu\u00e9s de la \u00faltima crisis entre ambos pa\u00edses.<\/p>\n<p>La instalaci\u00f3n de la segunda planta de UPM en Uruguay podr\u00eda suponer una inversi\u00f3n de 5.000 millones de d\u00f3lares, 4.000 por parte de la empresa y el resto por parte del pa\u00eds suramericano, que deber\u00eda financiar una serie de obras de infraestructura para que, en virtud de las condiciones de la compa\u00f1\u00eda, el acuerdo se concrete.<\/p>\n<p>Las obras consisten en la construcci\u00f3n y reparaci\u00f3n vial (unos 220 kil\u00f3metros de rutas bituminizadas), en una conexi\u00f3n ferroviaria con el Puerto de Montevideo y en el reacondicionamiento del mismo.<\/p>\n<p>Para la financiaci\u00f3n de las obras se anunci\u00f3 la b\u00fasqueda de inversores en Europa -que participar\u00edan en distintas modalidades, como la p\u00fablico-privada-, y para ello se realizar\u00e1n misiones tanto en Espa\u00f1a (a finales de noviembre en Galicia) como en Alemania, esta \u00faltima en Hamburgo.<\/p>\n<p>De concretarse el acuerdo entre UPM y el Gobierno uruguayo, las obras de la nueva planta papelera comenzar\u00edan en el segundo semestre de 2018, seg\u00fan los planes actuales.<\/p>\n","protected":false},"excerpt":{"rendered":"<p>El presidente de Uruguay, Tabar\u00e9 V\u00e1zquez, anunci\u00f3 el martes la ubicaci\u00f3n en la que se emplazar\u00eda una nueva planta papelera y se\u00f1al\u00f3 que su par argentino, Mauricio Macri, le dio el benepl\u00e1cito a la misma &nbsp; &nbsp; &nbsp; La nueva planta de la firma finlandesa UPM se ubicar\u00eda sobre el R\u00edo Negro, el cual desemboca en el Uruguay, que hace de frontera natural con Argentina. La planta, que ser\u00eda la segunda de la compa\u00f1\u00eda n\u00f3rdica en Uruguay y sobre la que todav\u00eda se est\u00e1 estudiando la viabilidad de su instalaci\u00f3n,&#8230;<\/p>\n","protected":false},"author":3,"featured_media":298,"comment_status":"closed","ping_status":"open","sticky":false,"template":"","format":"standard","meta":[],"categories":[4],"tags":[],"_links":{"self":[{"href":"https:\/\/www.actualidadadiario.com\/index.php\/wp-json\/wp\/v2\/posts\/297"}],"collection":[{"href":"https:\/\/www.actualidadadiario.com\/index.php\/wp-json\/wp\/v2\/posts"}],"about":[{"href":"https:\/\/www.actualidadadiario.com\/index.php\/wp-json\/wp\/v2\/types\/post"}],"author":[{"embeddable":true,"href":"https:\/\/www.actualidadadiario.com\/index.php\/wp-json\/wp\/v2\/users\/3"}],"replies":[{"embeddable":true,"href":"https:\/\/www.actualidadadiario.com\/index.php\/wp-json\/wp\/v2\/comments?post=297"}],"version-history":[{"count":1,"href":"https:\/\/www.actualidadadiario.com\/index.php\/wp-json\/wp\/v2\/posts\/297\/revisions"}],"predecessor-version":[{"id":299,"href":"https:\/\/www.actualidadadiario.com\/index.php\/wp-json\/wp\/v2\/posts\/297\/revisions\/299"}],"wp:featuredmedia":[{"embeddable":true,"href":"https:\/\/www.actualidadadiario.com\/index.php\/wp-json\/wp\/v2\/media\/298"}],"wp:attachment":[{"href":"https:\/\/www.actualidadadiario.com\/index.php\/wp-json\/wp\/v2\/media?parent=297"}],"wp:term":[{"taxonomy":"category","embeddable":true,"href":"https:\/\/www.actualidadadiario.com\/index.php\/wp-json\/wp\/v2\/categories?post=297"},{"taxonomy":"post_tag","embeddable":true,"href":"https:\/\/www.actualidadadiario.com\/index.php\/wp-json\/wp\/v2\/tags?post=297"}],"curies":[{"name":"wp","href":"https:\/\/api.w.org\/{rel}","templated":true}]}}