{"id":2969,"date":"2016-10-20T09:55:07","date_gmt":"2016-10-20T12:55:07","guid":{"rendered":"http:\/\/actualidadadiario.com\/site\/?p=2969"},"modified":"2016-10-20T09:55:07","modified_gmt":"2016-10-20T12:55:07","slug":"justicia-acepto-apelacion-del-gobierno-contra-fallo-que-intentaba-frenar-suba-en-tarifas-de-luz","status":"publish","type":"post","link":"https:\/\/www.actualidadadiario.com\/index.php\/2016\/10\/20\/justicia-acepto-apelacion-del-gobierno-contra-fallo-que-intentaba-frenar-suba-en-tarifas-de-luz\/","title":{"rendered":"Justicia acept\u00f3 apelaci\u00f3n del Gobierno contra fallo que intentaba frenar suba en tarifas de luz"},"content":{"rendered":"<p><em><strong>El Gobierno obtuvo la aceptaci\u00f3n de su apelaci\u00f3n, con efecto suspensivo sobre el fallo que hab\u00eda dictado el juez Oscar Alberto Papavero, del Tribunal en lo Civil y Comercial Contencioso Administrativo N\u00b0 1 de San Mart\u00edn, que el pasado 6 de octubre hab\u00eda admitido un amparo contra la adecuaci\u00f3n del cuadro tarifario el\u00e9ctrico<\/strong><\/em><\/p>\n<p>&nbsp;<\/p>\n<p>&nbsp;<\/p>\n<p>&nbsp;<\/p>\n<p>&nbsp;<\/p>\n<p>&#8220;Sali\u00f3 la apelaci\u00f3n al amparo por las tarifas de electricidad del juez subrogante de San Mart\u00edn con efecto suspensivo&#8221;, inform\u00f3 a T\u00e9lam un funcionario del gobierno nacional.<\/p>\n<p>&nbsp;<\/p>\n<p>&#8220;La apelaci\u00f3n sali\u00f3 con efecto suspensivo&#8221;, remarc\u00f3 una fuente judicial, de modo que la audiencia p\u00fablica para definir el nuevo cuadro tarifario se podr\u00e1 realizar sin obst\u00e1culos judiciales.<\/p>\n<p>&nbsp;<\/p>\n<p>La audiencia p\u00fablica se realizar\u00e1 en el Teatro de La Ribera, en Avenida Pedro de Mendoza 1875, Ciudad Aut\u00f3noma de Buenos Aires, a partir de las 8:00 horas del 28 de octubre pr\u00f3ximo.<\/p>\n<p>&nbsp;<\/p>\n<p>La apelaci\u00f3n lograda por el Estado nacional est\u00e1 referida a los autos caratulados &#8220;Fern\u00e1ndez, Francisco Manuel y otros c\/Poder Ejecutivo Nacional-Ministerio de Energ\u00eda y Miner\u00eda-ENRE-s\/amparo ley 16.986&#8243;, expediente FSM 33645\/2016 del registro de la Secretar\u00eda N\u00ba 3&#8221; del Juzgado Federal de Primera Instancia en lo Civil, Comercial y Contencioso Administrativo N\u00b0 1, con sede en San Mart\u00edn, provincia de Buenos Aires.<\/p>\n","protected":false},"excerpt":{"rendered":"<p>El Gobierno obtuvo la aceptaci\u00f3n de su apelaci\u00f3n, con efecto suspensivo sobre el fallo que hab\u00eda dictado el juez Oscar Alberto Papavero, del Tribunal en lo Civil y Comercial Contencioso Administrativo N\u00b0 1 de San Mart\u00edn, que el pasado 6 de octubre hab\u00eda admitido un amparo contra la adecuaci\u00f3n del cuadro tarifario el\u00e9ctrico &nbsp; &nbsp; &nbsp; &nbsp; &#8220;Sali\u00f3 la apelaci\u00f3n al amparo por las tarifas de electricidad del juez subrogante de San Mart\u00edn con efecto suspensivo&#8221;, inform\u00f3 a T\u00e9lam un funcionario del gobierno nacional. &nbsp; &#8220;La apelaci\u00f3n sali\u00f3 con efecto&#8230;<\/p>\n","protected":false},"author":3,"featured_media":2970,"comment_status":"closed","ping_status":"closed","sticky":false,"template":"","format":"standard","meta":[],"categories":[18],"tags":[],"_links":{"self":[{"href":"https:\/\/www.actualidadadiario.com\/index.php\/wp-json\/wp\/v2\/posts\/2969"}],"collection":[{"href":"https:\/\/www.actualidadadiario.com\/index.php\/wp-json\/wp\/v2\/posts"}],"about":[{"href":"https:\/\/www.actualidadadiario.com\/index.php\/wp-json\/wp\/v2\/types\/post"}],"author":[{"embeddable":true,"href":"https:\/\/www.actualidadadiario.com\/index.php\/wp-json\/wp\/v2\/users\/3"}],"replies":[{"embeddable":true,"href":"https:\/\/www.actualidadadiario.com\/index.php\/wp-json\/wp\/v2\/comments?post=2969"}],"version-history":[{"count":1,"href":"https:\/\/www.actualidadadiario.com\/index.php\/wp-json\/wp\/v2\/posts\/2969\/revisions"}],"predecessor-version":[{"id":2971,"href":"https:\/\/www.actualidadadiario.com\/index.php\/wp-json\/wp\/v2\/posts\/2969\/revisions\/2971"}],"wp:featuredmedia":[{"embeddable":true,"href":"https:\/\/www.actualidadadiario.com\/index.php\/wp-json\/wp\/v2\/media\/2970"}],"wp:attachment":[{"href":"https:\/\/www.actualidadadiario.com\/index.php\/wp-json\/wp\/v2\/media?parent=2969"}],"wp:term":[{"taxonomy":"category","embeddable":true,"href":"https:\/\/www.actualidadadiario.com\/index.php\/wp-json\/wp\/v2\/categories?post=2969"},{"taxonomy":"post_tag","embeddable":true,"href":"https:\/\/www.actualidadadiario.com\/index.php\/wp-json\/wp\/v2\/tags?post=2969"}],"curies":[{"name":"wp","href":"https:\/\/api.w.org\/{rel}","templated":true}]}}