{"id":2966,"date":"2016-10-20T09:54:18","date_gmt":"2016-10-20T12:54:18","guid":{"rendered":"http:\/\/actualidadadiario.com\/site\/?p=2966"},"modified":"2016-10-20T09:54:18","modified_gmt":"2016-10-20T12:54:18","slug":"en-agosto-shopping-y-super-tuvieron-su-peor-golpe-del-ano","status":"publish","type":"post","link":"https:\/\/www.actualidadadiario.com\/index.php\/2016\/10\/20\/en-agosto-shopping-y-super-tuvieron-su-peor-golpe-del-ano\/","title":{"rendered":"En agosto, shopping y s\u00faper tuvieron su peor golpe del a\u00f1o"},"content":{"rendered":"<p><em><strong>Las cifras oficiales arrojaron que agosto fue el peor mes para los centros de compras. Seg\u00fan el INDEC, el consumo en los supermercados creci\u00f3 en agosto 21,2% y en los shoppings, 12,6%, aunque ambas variaciones, en comparaci\u00f3n con el mismo per\u00edodo del a\u00f1o anterior, fueron las m\u00e1s bajas del a\u00f1o<\/strong><\/em><\/p>\n<p>&nbsp;<\/p>\n<p>&nbsp;<\/p>\n<p>&nbsp;<\/p>\n<p>&nbsp;<\/p>\n<p>&nbsp;<\/p>\n<p>&nbsp;<\/p>\n<p>Las subas del octavo del mes del a\u00f1o fueron las m\u00e1s bajas de 2016. Solo comparables en s\u00faper a un 24,5% en mayo y en shopping a un 19% en el mismo mes.<\/p>\n<p>&nbsp;<\/p>\n<p>Seg\u00fan inform\u00f3 el INDEC, en los primeros ocho meses del a\u00f1o las ventas en los centros de compra o shoppings aumenta un 25,0%, y en los supermercados un 26,8% a precios corrientes, es decir midiendo el impacto de la inflaci\u00f3n, manteni\u00e9ndose por debajo del aumento de precios acumulado a ese mes.<\/p>\n<p>&nbsp;<\/p>\n<p>La ca\u00edda es la m\u00e1s importante de los \u00faltimos a\u00f1os y la perspectiva de corto plazo tampoco es favorable: en la medici\u00f3n de los seis primeros d\u00edas de octubre, la baja es a\u00fan mayor si se compara con los n\u00fameros del 2015.<\/p>\n<p>&nbsp;<\/p>\n<p>Si bien a\u00fan las cifras no est\u00e1n desagregadas por sectores, hay otro dato que es relevante para analizar la coyuntura econ\u00f3mica y el comportamiento del consumidor: en septiembre, no s\u00f3lo cayeron casi un 9% las ventas generales, sino que, adem\u00e1s, lo que se vendi\u00f3 fueron unidades de menor valor.<\/p>\n<p>&nbsp;<\/p>\n<p>En otras palabras, el p\u00fablico que compr\u00f3 se volc\u00f3 a las segundas y terceras marcas y las empresas no pudieron compensar p\u00e9rdidas con precios m\u00e1s bajos.<\/p>\n","protected":false},"excerpt":{"rendered":"<p>Las cifras oficiales arrojaron que agosto fue el peor mes para los centros de compras. Seg\u00fan el INDEC, el consumo en los supermercados creci\u00f3 en agosto 21,2% y en los shoppings, 12,6%, aunque ambas variaciones, en comparaci\u00f3n con el mismo per\u00edodo del a\u00f1o anterior, fueron las m\u00e1s bajas del a\u00f1o &nbsp; &nbsp; &nbsp; &nbsp; &nbsp; &nbsp; Las subas del octavo del mes del a\u00f1o fueron las m\u00e1s bajas de 2016. Solo comparables en s\u00faper a un 24,5% en mayo y en shopping a un 19% en el mismo mes. &nbsp;&#8230;<\/p>\n","protected":false},"author":3,"featured_media":2967,"comment_status":"closed","ping_status":"closed","sticky":false,"template":"","format":"standard","meta":[],"categories":[2],"tags":[],"_links":{"self":[{"href":"https:\/\/www.actualidadadiario.com\/index.php\/wp-json\/wp\/v2\/posts\/2966"}],"collection":[{"href":"https:\/\/www.actualidadadiario.com\/index.php\/wp-json\/wp\/v2\/posts"}],"about":[{"href":"https:\/\/www.actualidadadiario.com\/index.php\/wp-json\/wp\/v2\/types\/post"}],"author":[{"embeddable":true,"href":"https:\/\/www.actualidadadiario.com\/index.php\/wp-json\/wp\/v2\/users\/3"}],"replies":[{"embeddable":true,"href":"https:\/\/www.actualidadadiario.com\/index.php\/wp-json\/wp\/v2\/comments?post=2966"}],"version-history":[{"count":1,"href":"https:\/\/www.actualidadadiario.com\/index.php\/wp-json\/wp\/v2\/posts\/2966\/revisions"}],"predecessor-version":[{"id":2968,"href":"https:\/\/www.actualidadadiario.com\/index.php\/wp-json\/wp\/v2\/posts\/2966\/revisions\/2968"}],"wp:featuredmedia":[{"embeddable":true,"href":"https:\/\/www.actualidadadiario.com\/index.php\/wp-json\/wp\/v2\/media\/2967"}],"wp:attachment":[{"href":"https:\/\/www.actualidadadiario.com\/index.php\/wp-json\/wp\/v2\/media?parent=2966"}],"wp:term":[{"taxonomy":"category","embeddable":true,"href":"https:\/\/www.actualidadadiario.com\/index.php\/wp-json\/wp\/v2\/categories?post=2966"},{"taxonomy":"post_tag","embeddable":true,"href":"https:\/\/www.actualidadadiario.com\/index.php\/wp-json\/wp\/v2\/tags?post=2966"}],"curies":[{"name":"wp","href":"https:\/\/api.w.org\/{rel}","templated":true}]}}