{"id":2954,"date":"2016-10-20T09:46:50","date_gmt":"2016-10-20T12:46:50","guid":{"rendered":"http:\/\/actualidadadiario.com\/site\/?p=2954"},"modified":"2016-10-20T09:46:50","modified_gmt":"2016-10-20T12:46:50","slug":"el-gobierno-no-obliga-a-las-empresas-a-pagar-un-bono","status":"publish","type":"post","link":"https:\/\/www.actualidadadiario.com\/index.php\/2016\/10\/20\/el-gobierno-no-obliga-a-las-empresas-a-pagar-un-bono\/","title":{"rendered":"El gobierno no obliga a las empresas a pagar un bono"},"content":{"rendered":"<p><em><strong>Los $ 2.000 acordados entre la CGT, los ministros y algunas empresas no ser\u00e1 un m\u00ednimo obligatorio<\/strong><\/em><\/p>\n<p>&nbsp;<\/p>\n<p>&nbsp;<\/p>\n<p>&nbsp;<\/p>\n<p>&nbsp;<\/p>\n<p>El Gobierno anunci\u00f3 que acord\u00f3 un piso de $ 2.000 para el bono de fin de a\u00f1o, pero el documento final aclara que el monto s\u00f3lo representa una &#8220;referencia&#8221;, un t\u00e9rmino lejano al m\u00ednimo. M\u00e1s a\u00fan, a los pocos minutos de finalizado el encuentro, sectores empresarios no invitados adelantaron que no lo pagar\u00e1n.<\/p>\n<p>&nbsp;<\/p>\n<p>El escrito firmado por los principales ministros, gremialistas y c\u00e1maras corporativas, y al que accedi\u00f3 El Destape, determina que &#8220;se acuerda como referencia una base un pago de $ 2.000 por trabajador&#8221;. Es decir, que el monto es el sugerido, pero ante la presi\u00f3n empresaria las partes pueden cerrar uno sustancialmente menor o incluso nulo.<\/p>\n<p>&nbsp;<\/p>\n<p>&#8220;Los trabajadores y empresarios abrir\u00e1n una negociaci\u00f3n por sector para el pago durante el mes de diciembre de un bono extraordinario de fin de a\u00f1o. \u00c9ste tendr\u00e1 la forma de suma no remunerativa, y servir\u00e1 como compensaci\u00f3n \u00fanica de la evoluci\u00f3n salarial respecto a la inflaci\u00f3n durante el a\u00f1o 2016. Se acuerda como referencia una base un pago de $ 2.000 por trabajador&#8221;, reza el punto &#8220;B&#8221; documento final de la reuni\u00f3n.<\/p>\n<p>&nbsp;<\/p>\n<p>Esto contradice la versi\u00f3n que quiso circular el Gobierno de que el convenio marca el piso de lo que recibir\u00e1n los empleados en blanco. En el inciso &#8220;A&#8221; se comprometen a &#8220;institucionalizar el di\u00e1logo para la producci\u00f3n y el trabajo con al menos los actores hoy presentes los cuales se volver\u00e1n a reunir las primeras quinces de noviembre y diciembre de este a\u00f1o&#8221;. En el &#8220;C&#8221; piden &#8220;utilizar como eje articulador de la agenda de trabajo conjunta los ocho ejes del Plan Productivo Nacional&#8221;.<\/p>\n<p>&nbsp;<\/p>\n<p>Participaron de la reuni\u00f3n el jefe de Gabinete, Marcos Pe\u00f1a, el ministro de Producci\u00f3n, Francisco Cabrera, el de Hacienda, Alfonso Prat Gay, el de Empleo, Jorge Triaca, y el vicejefe de Gabinete, Mario Quintana.<\/p>\n<p>&nbsp;<\/p>\n<p>Por los trabajadores participaron los tres secretarios generales de la CGT: H\u00e9ctor Daer, Juan Carlos Schmidt y Carlos Acu\u00f1a. Del lado empresarial, entre otros asistieron representantes de la UIA, la C\u00e1mara de la Construcci\u00f3n, la de Comercio, la Bolsa de Buenos Aires, la Asociaci\u00f3n de Bancos y la Sociedad Rural.<\/p>\n<p>&nbsp;<\/p>\n<p>No fueron invitadas la Federaci\u00f3n Argentina de Empleados de Comercio y Servicios (FAECYS), la C\u00e1mara Argentina de Comercio (CAC) y la de la Mediana Empresa (CAME), quienes ya adelantaron que no pagar\u00e1n el bono ya que dicen no estar obligados a hacerlo.<\/p>\n","protected":false},"excerpt":{"rendered":"<p>Los $ 2.000 acordados entre la CGT, los ministros y algunas empresas no ser\u00e1 un m\u00ednimo obligatorio &nbsp; &nbsp; &nbsp; &nbsp; El Gobierno anunci\u00f3 que acord\u00f3 un piso de $ 2.000 para el bono de fin de a\u00f1o, pero el documento final aclara que el monto s\u00f3lo representa una &#8220;referencia&#8221;, un t\u00e9rmino lejano al m\u00ednimo. M\u00e1s a\u00fan, a los pocos minutos de finalizado el encuentro, sectores empresarios no invitados adelantaron que no lo pagar\u00e1n. &nbsp; El escrito firmado por los principales ministros, gremialistas y c\u00e1maras corporativas, y al que accedi\u00f3&#8230;<\/p>\n","protected":false},"author":3,"featured_media":2955,"comment_status":"closed","ping_status":"closed","sticky":false,"template":"","format":"standard","meta":[],"categories":[9],"tags":[],"_links":{"self":[{"href":"https:\/\/www.actualidadadiario.com\/index.php\/wp-json\/wp\/v2\/posts\/2954"}],"collection":[{"href":"https:\/\/www.actualidadadiario.com\/index.php\/wp-json\/wp\/v2\/posts"}],"about":[{"href":"https:\/\/www.actualidadadiario.com\/index.php\/wp-json\/wp\/v2\/types\/post"}],"author":[{"embeddable":true,"href":"https:\/\/www.actualidadadiario.com\/index.php\/wp-json\/wp\/v2\/users\/3"}],"replies":[{"embeddable":true,"href":"https:\/\/www.actualidadadiario.com\/index.php\/wp-json\/wp\/v2\/comments?post=2954"}],"version-history":[{"count":1,"href":"https:\/\/www.actualidadadiario.com\/index.php\/wp-json\/wp\/v2\/posts\/2954\/revisions"}],"predecessor-version":[{"id":2956,"href":"https:\/\/www.actualidadadiario.com\/index.php\/wp-json\/wp\/v2\/posts\/2954\/revisions\/2956"}],"wp:featuredmedia":[{"embeddable":true,"href":"https:\/\/www.actualidadadiario.com\/index.php\/wp-json\/wp\/v2\/media\/2955"}],"wp:attachment":[{"href":"https:\/\/www.actualidadadiario.com\/index.php\/wp-json\/wp\/v2\/media?parent=2954"}],"wp:term":[{"taxonomy":"category","embeddable":true,"href":"https:\/\/www.actualidadadiario.com\/index.php\/wp-json\/wp\/v2\/categories?post=2954"},{"taxonomy":"post_tag","embeddable":true,"href":"https:\/\/www.actualidadadiario.com\/index.php\/wp-json\/wp\/v2\/tags?post=2954"}],"curies":[{"name":"wp","href":"https:\/\/api.w.org\/{rel}","templated":true}]}}