{"id":2951,"date":"2016-10-20T09:45:55","date_gmt":"2016-10-20T12:45:55","guid":{"rendered":"http:\/\/actualidadadiario.com\/site\/?p=2951"},"modified":"2016-10-20T09:45:55","modified_gmt":"2016-10-20T12:45:55","slug":"masiva-protesta-ayer-contra-la-politica-salarial-de-schiaretti","status":"publish","type":"post","link":"https:\/\/www.actualidadadiario.com\/index.php\/2016\/10\/20\/masiva-protesta-ayer-contra-la-politica-salarial-de-schiaretti\/","title":{"rendered":"Masiva protesta ayer contra la pol\u00edtica salarial de Schiaretti"},"content":{"rendered":"<p><em><strong>Se desplom\u00f3 el escenario montado por la CGT en la capital provincial y la medida de fuerza pudo haber terminado en tragedia. Hubo dos heridos<\/strong><\/em><\/p>\n<p>&nbsp;<\/p>\n<p>&nbsp;<\/p>\n<p>&nbsp;<\/p>\n<p>La CGT Regional C\u00f3rdoba y la Coordinadora de Gremios Estatales protagonizaron ayer una fuerte protesta en la capital cordobesa para amplificar el reclamo al gobernador Juan Schiaretti de una reapertura de las paritarias y de la derogaci\u00f3n del ajuste en las jubilaciones aprobado en diciembre.<\/p>\n<p>&nbsp;<\/p>\n<p>Fue la primera estocada del a\u00f1o de los estatales en su conjunto, e incluy\u00f3 una masiva movilizaci\u00f3n de sindicatos p\u00fablicos y privados (que gener\u00f3 caos de tr\u00e1nsito), un paro en escuelas p\u00fablicas y privadas y el abandono de tareas por parte de empleados p\u00fablicos, municipales, judiciales y personal de hospitales y de energ\u00eda.<\/p>\n<p>&nbsp;<\/p>\n<p>La embestida -que incluy\u00f3 cr\u00edticas a Mauricio Macri y algunos cuestionamientos a la CGT nacional- fue acompa\u00f1ada adem\u00e1s (aunque sin paro) por gremios privados como el de los bancarios, camioneros, taxistas y prensa.<\/p>\n<p>&nbsp;<\/p>\n<p>El acto tuvo ribetes accidentados: en la previa de la lectura de un documento conjunto se derrumb\u00f3 parte de la estructura del escenario montado por la CGT C\u00f3rdoba y que albergaba a unos 70 sindicalistas, aunque por fortuna s\u00f3lo ocasion\u00f3 heridas leves a dos dirigentes.<\/p>\n<p>&nbsp;<\/p>\n<p>El evento luego prosigui\u00f3, aunque s\u00f3lo quedaron en el palco Juan Monserrat (de la docente UEPC), Jos\u00e9 Pihen (del estatal SEP) y Rub\u00e9n Daniele (del municipal SUOEM).<\/p>\n<p>&nbsp;<\/p>\n<p>&#8220;Lo que ha cedido son barras de hierro o aluminio; no hab\u00eda m\u00e1s gente de lo previsto&#8221;, sostuvo Daniele. &#8220;Ya tocamos fondo, ahora vamos a empezar a subir&#8221;, ironiz\u00f3 el bancario Ra\u00fal Ferro. Algunos sindicalistas apuntaron a la Polic\u00eda provincial, que no habr\u00eda permitido el ingreso de un cami\u00f3n con parte de la estructura faltante.<\/p>\n<p>&nbsp;<\/p>\n<p>En las \u00faltimas semanas, el peronista Schiaretti (UpC) insisti\u00f3 en que no eval\u00faa retomar la pulseada salarial bajo el argumento de que el avance de la inflaci\u00f3n no opac\u00f3 a\u00fan los incrementos de sueldo otorgados a principios de a\u00f1o.<\/p>\n<p>&nbsp;<\/p>\n<p>La protesta -que cont\u00f3 con la adhesi\u00f3n de la CGT Rodr\u00edguez Pe\u00f1a- tuvo adem\u00e1s consignas contra el Gobierno de Mauricio Macri. &#8220;Es necesario un urgente cambio de rumbo&#8221;, dijo Pihen.<\/p>\n<p>&nbsp;<\/p>\n<p>&#8220;El Gobierno provincial est\u00e1 incumpliendo el acta acuerdo&#8221;, dispar\u00f3 por su parte Monserrat, en referencia a la cl\u00e1usula gatillo que ordena reabrir la pulseada de sueldos en funci\u00f3n de la inflaci\u00f3n.<\/p>\n<p>&nbsp;<\/p>\n<p>Por su parte, Daniele insisti\u00f3 en el reclamo de la &#8220;derogaci\u00f3n&#8221; de la Ley 10.333 promovida por Schiaretti -en l\u00ednea con la armonizaci\u00f3n pedida por la Casa Rosada- que incluye un rec\u00e1lculo de los salarios de jubilados y pensionados.<\/p>\n<p>&nbsp;<\/p>\n<p>&#8220;Hay 100 mil jubilados cordobeses a los que se les han reducido sus salarios en un 10 %&#8221;, dijo.<\/p>\n<p>&nbsp;<\/p>\n<p>Algunos dirigentes tambi\u00e9n apuntaron a la reunificada CGT nacional por apostar a pelear un bono en vez de la reanudaci\u00f3n de las negociaciones salariales.<\/p>\n<p>&nbsp;<\/p>\n<p>&#8220;No queremos bono ni bonito, sino paritarias ya&#8221;, dispar\u00f3 Gabriel Su\u00e1rez (Luz y Fuerza).<\/p>\n","protected":false},"excerpt":{"rendered":"<p>Se desplom\u00f3 el escenario montado por la CGT en la capital provincial y la medida de fuerza pudo haber terminado en tragedia. Hubo dos heridos &nbsp; &nbsp; &nbsp; La CGT Regional C\u00f3rdoba y la Coordinadora de Gremios Estatales protagonizaron ayer una fuerte protesta en la capital cordobesa para amplificar el reclamo al gobernador Juan Schiaretti de una reapertura de las paritarias y de la derogaci\u00f3n del ajuste en las jubilaciones aprobado en diciembre. &nbsp; Fue la primera estocada del a\u00f1o de los estatales en su conjunto, e incluy\u00f3 una masiva&#8230;<\/p>\n","protected":false},"author":3,"featured_media":2952,"comment_status":"closed","ping_status":"closed","sticky":false,"template":"","format":"standard","meta":[],"categories":[2],"tags":[],"_links":{"self":[{"href":"https:\/\/www.actualidadadiario.com\/index.php\/wp-json\/wp\/v2\/posts\/2951"}],"collection":[{"href":"https:\/\/www.actualidadadiario.com\/index.php\/wp-json\/wp\/v2\/posts"}],"about":[{"href":"https:\/\/www.actualidadadiario.com\/index.php\/wp-json\/wp\/v2\/types\/post"}],"author":[{"embeddable":true,"href":"https:\/\/www.actualidadadiario.com\/index.php\/wp-json\/wp\/v2\/users\/3"}],"replies":[{"embeddable":true,"href":"https:\/\/www.actualidadadiario.com\/index.php\/wp-json\/wp\/v2\/comments?post=2951"}],"version-history":[{"count":1,"href":"https:\/\/www.actualidadadiario.com\/index.php\/wp-json\/wp\/v2\/posts\/2951\/revisions"}],"predecessor-version":[{"id":2953,"href":"https:\/\/www.actualidadadiario.com\/index.php\/wp-json\/wp\/v2\/posts\/2951\/revisions\/2953"}],"wp:featuredmedia":[{"embeddable":true,"href":"https:\/\/www.actualidadadiario.com\/index.php\/wp-json\/wp\/v2\/media\/2952"}],"wp:attachment":[{"href":"https:\/\/www.actualidadadiario.com\/index.php\/wp-json\/wp\/v2\/media?parent=2951"}],"wp:term":[{"taxonomy":"category","embeddable":true,"href":"https:\/\/www.actualidadadiario.com\/index.php\/wp-json\/wp\/v2\/categories?post=2951"},{"taxonomy":"post_tag","embeddable":true,"href":"https:\/\/www.actualidadadiario.com\/index.php\/wp-json\/wp\/v2\/tags?post=2951"}],"curies":[{"name":"wp","href":"https:\/\/api.w.org\/{rel}","templated":true}]}}