{"id":2945,"date":"2016-10-20T09:43:45","date_gmt":"2016-10-20T12:43:45","guid":{"rendered":"http:\/\/actualidadadiario.com\/site\/?p=2945"},"modified":"2016-10-20T09:44:56","modified_gmt":"2016-10-20T12:44:56","slug":"gremios-y-empresarios-acordaron-negociar-bono-de-fin-de-ano-con-base-de-2000","status":"publish","type":"post","link":"https:\/\/www.actualidadadiario.com\/index.php\/2016\/10\/20\/gremios-y-empresarios-acordaron-negociar-bono-de-fin-de-ano-con-base-de-2000\/","title":{"rendered":"Gremios y empresarios acordaron negociar bono de fin de a\u00f1o con base de $2000"},"content":{"rendered":"<p><em><strong>Lo anunci\u00f3 Marcos Pe\u00f1a, tras la cumbre tripartita realizada en Casa Rosada, que se prolong\u00f3 por tres horas<\/strong><\/em><\/p>\n<p>&nbsp;<\/p>\n<p>&nbsp;<\/p>\n<p>&nbsp;<\/p>\n<p>El jefe de Gabinete, Marcos Pe\u00f1a, anunci\u00f3 este mi\u00e9rcoles que los empresarios y los gremios acordaron un bono base de 2.000 pesos para fin de a\u00f1o en el sector privado. La primera reuni\u00f3n del &#8220;Di\u00e1logo para la Producci\u00f3n y el Trabajo&#8221; que se realiz\u00f3 en la Casa de Gobierno finaliz\u00f3 poco antes de las 14 luego de m\u00e1s de tres horas de deliberaciones.<\/p>\n<p>&nbsp;<\/p>\n<p>El funcionario explic\u00f3 que tambi\u00e9n se acord\u00f3 &#8220;institucionalizar el di\u00e1logo&#8221; entre empresarios, gremios y gobierno, que se repetir\u00e1 en la primera quincena de noviembre y diciembre. De la conferencia de prensa participaron adem\u00e1s el ministro de Trabajo Jorge Triaca, de Hacienda, Alfonso Prat Gat, y secretario de Coordinaci\u00f3n Interministerial, Mario Quintana.<\/p>\n<p>&nbsp;<\/p>\n<p>Por su parte, Triaca evit\u00f3 indicar si la base de un bono de 2 mil pesos tambi\u00e9n regir\u00e1 para los trabajadores estatales y se\u00f1al\u00f3 que el Ministerio de Modernizaci\u00f3n &#8220;est\u00e1 haciendo las evaluaciones&#8221; para establecer &#8220;en los pr\u00f3ximos d\u00edas&#8221; qu\u00e9 remuneraci\u00f3n puede otorgar para fin de a\u00f1o.<\/p>\n<p>&nbsp;<\/p>\n<p>&#8220;No queremos imponerle a ninguna jurisdicci\u00f3n estos condiciamientos&#8221;, se\u00f1al\u00f3 el ministro tras lo cual resalt\u00f3 que &#8220;en el caso del nacional el Ministerio de Modernizaci\u00f3n est\u00e1 haciendo los estudios correspondientes&#8221; y lo decidir\u00e1 &#8220;en los pr\u00f3ximos d\u00edas&#8221;.<\/p>\n<p>&nbsp;<\/p>\n<p>La cumbre tripartita comenz\u00f3 a las 10 en el Museo del Bicentenario de la Casa Rosada, para abordar el posible pago de un bono de fin de a\u00f1o, que compense la p\u00e9rdida de poder adquisitivo por parte de los trabajadores.<\/p>\n<p>&nbsp;<\/p>\n<p>Por el Gobierno estuvieron presentes el jefe de Gabinete, Marcos Pe\u00f1a, y el ministro de Trabajo, Jorge Triaca; por el sector empresarial, representantes de la C\u00e1mara Argentina de la Construcci\u00f3n (CAC), de la Uni\u00f3n Industrial (UIA) y de la Sociedad Rural Argentina (SRA); y por la CGT, H\u00e9ctor Daer, Juan Carlos Schmid y Pablo Moyano, entre otros.<\/p>\n<p>&nbsp;<\/p>\n<p>El secretario general adjunto del gremio de Camioneros, Pablo Moyano, finalmente no asisti\u00f3 a la reuni\u00f3n. Si bien en principio hab\u00eda trascendido que el hijo de Hugo Moyano -quien la semana pasada tach\u00f3 de &#8220;bonito&#8221; y &#8220;migaja&#8221; la propuesta del Ejecutivo para destrabar un paro- estaba participando del encuentro, luego se aclar\u00f3 que no concurri\u00f3.<\/p>\n<p>&nbsp;<\/p>\n<p>Seg\u00fan inform\u00f3 este mi\u00e9rcoles el diario \u00c1mbito Financiero, el Gobierno hab\u00eda decidido avalar un bono universal para trabajadores del sector privado con un piso estimativo de $2.000, como planteaba la CGT, a cambio de impedir la reapertura de las negociaciones salariales de este a\u00f1o y, sobre todo, limitar las paritarias de 2017 a una discusi\u00f3n por la inflaci\u00f3n futura. De esto \u00faltimo Pe\u00f1a no dijo nada.<\/p>\n<p>&nbsp;<\/p>\n<p>Antes de la reuni\u00f3n, Macri pidi\u00f3 a la dirigencia sindical una actitud &#8220;prudente&#8221; e &#8220;inteligente&#8221;, que permita resolver &#8220;obst\u00e1culos&#8221; y de esa forma &#8220;ir generando empleo&#8221; en el pa\u00eds, en tanto Triaca advirti\u00f3 que &#8220;no se impondr\u00e1&#8221; un criterio a las provincias para el eventual pago de un bono a empleados p\u00fablicos, mientras que en el caso de los privados sostuvo que se deber\u00e1 ver &#8220;sector por sector&#8221;.<\/p>\n","protected":false},"excerpt":{"rendered":"<p>Lo anunci\u00f3 Marcos Pe\u00f1a, tras la cumbre tripartita realizada en Casa Rosada, que se prolong\u00f3 por tres horas &nbsp; &nbsp; &nbsp; El jefe de Gabinete, Marcos Pe\u00f1a, anunci\u00f3 este mi\u00e9rcoles que los empresarios y los gremios acordaron un bono base de 2.000 pesos para fin de a\u00f1o en el sector privado. La primera reuni\u00f3n del &#8220;Di\u00e1logo para la Producci\u00f3n y el Trabajo&#8221; que se realiz\u00f3 en la Casa de Gobierno finaliz\u00f3 poco antes de las 14 luego de m\u00e1s de tres horas de deliberaciones. &nbsp; El funcionario explic\u00f3 que tambi\u00e9n&#8230;<\/p>\n","protected":false},"author":3,"featured_media":2946,"comment_status":"closed","ping_status":"closed","sticky":false,"template":"","format":"standard","meta":[],"categories":[18],"tags":[],"_links":{"self":[{"href":"https:\/\/www.actualidadadiario.com\/index.php\/wp-json\/wp\/v2\/posts\/2945"}],"collection":[{"href":"https:\/\/www.actualidadadiario.com\/index.php\/wp-json\/wp\/v2\/posts"}],"about":[{"href":"https:\/\/www.actualidadadiario.com\/index.php\/wp-json\/wp\/v2\/types\/post"}],"author":[{"embeddable":true,"href":"https:\/\/www.actualidadadiario.com\/index.php\/wp-json\/wp\/v2\/users\/3"}],"replies":[{"embeddable":true,"href":"https:\/\/www.actualidadadiario.com\/index.php\/wp-json\/wp\/v2\/comments?post=2945"}],"version-history":[{"count":1,"href":"https:\/\/www.actualidadadiario.com\/index.php\/wp-json\/wp\/v2\/posts\/2945\/revisions"}],"predecessor-version":[{"id":2947,"href":"https:\/\/www.actualidadadiario.com\/index.php\/wp-json\/wp\/v2\/posts\/2945\/revisions\/2947"}],"wp:featuredmedia":[{"embeddable":true,"href":"https:\/\/www.actualidadadiario.com\/index.php\/wp-json\/wp\/v2\/media\/2946"}],"wp:attachment":[{"href":"https:\/\/www.actualidadadiario.com\/index.php\/wp-json\/wp\/v2\/media?parent=2945"}],"wp:term":[{"taxonomy":"category","embeddable":true,"href":"https:\/\/www.actualidadadiario.com\/index.php\/wp-json\/wp\/v2\/categories?post=2945"},{"taxonomy":"post_tag","embeddable":true,"href":"https:\/\/www.actualidadadiario.com\/index.php\/wp-json\/wp\/v2\/tags?post=2945"}],"curies":[{"name":"wp","href":"https:\/\/api.w.org\/{rel}","templated":true}]}}