{"id":29442,"date":"2018-06-30T12:35:52","date_gmt":"2018-06-30T15:35:52","guid":{"rendered":"https:\/\/www.actualidadadiario.com\/?p=29442"},"modified":"2018-11-06T19:42:38","modified_gmt":"2018-11-06T22:42:38","slug":"puerto-rico-informe-advierte-sobre-el-aumento-de-la-pobreza-y-la-desigualdad-a-nueves-meses-del-huracan-maria","status":"publish","type":"post","link":"https:\/\/www.actualidadadiario.com\/index.php\/2018\/06\/30\/puerto-rico-informe-advierte-sobre-el-aumento-de-la-pobreza-y-la-desigualdad-a-nueves-meses-del-huracan-maria\/","title":{"rendered":"Puerto Rico: informe advierte sobre el aumento de la pobreza y la desigualdad a nueves meses del hurac\u00e1n Mar\u00eda"},"content":{"rendered":"<p><em><strong>La puesta al d\u00eda del informe, Justicia Ambiental, Desigualdad y Pobreza en Puerto Rico (JADP-PR) a nueve meses del azote del hurac\u00e1n Mar\u00eda, refleja una cr\u00edtica situaci\u00f3n de pobreza en el pa\u00eds, mientras el Gobierno contin\u00faa sin atender las necesidades m\u00e1s urgentes de la poblaci\u00f3n. La denuncia fue lanzada por varias portavoces de una coalici\u00f3n multisectorial adem\u00e1s de anunciar que presentar\u00edan una querella ante la Oficina del Alto Comisionado de la ONU sobre Derechos Humanos, en Ginebra<\/strong><\/em><\/p>\n<p>&nbsp;<\/p>\n<p>&nbsp;<\/p>\n<p>&nbsp;<\/p>\n<p>En conferencia de prensa celebrada en la Facultad de Derecho de la UIA, participantes de la coalici\u00f3n presentaron parte de los datos m\u00e1s relevantes de la puesta al d\u00eda del informe. A la luz de lo que revela el informe Am\u00e1rilis Pag\u00e1n, una de las portavoces denunci\u00f3 que a casi una semana del cierre de la actual sesi\u00f3n legislativa esta ha sido una de las sesiones en las que m\u00e1s proyectos se han presentado en detrimento de los derechos econ\u00f3micos, sociales, culturales y ambientales del pa\u00eds. \u201cEstamos viendo c\u00f3mo el gobierno act\u00faa ignorando la situaci\u00f3n de pobreza y desamparo de la mayor parte del pa\u00eds y sin ejecutar acciones que mitiguen los da\u00f1os provocados por el hurac\u00e1n. Las exigencias de nuestro informe de diciembre han sido ignoradas casi en su mayor\u00eda\u201d.<\/p>\n<p>&nbsp;<\/p>\n<p>Pag\u00e1n quien es portavoz del Proyecto Matria, present\u00f3 algunos de los aspectos m\u00e1s sobresalientes del informe en lo que respecta al Derecho a la Vivienda. Primero llam\u00f3 la atenci\u00f3n a que la vida \u00fatil de un toldo de los instalados por FEMA es un m\u00e1ximo de tres meses, por lo que a esta fecha aunque sea uno instalado en diciembre resulta inservible y mucho menos puede soportar un hurac\u00e1n.<\/p>\n<p>&nbsp;<\/p>\n<p>Otro dato importante que trajo a la atenci\u00f3n incluidos en el informe son los resultados de un estudio del Centro de Estudios Puertorrique\u00f1os de Hunter College, Nueva York y la Escuela de Planificaci\u00f3n de la UPR, que anticipa un aumento en la isla en el n\u00famero de ejecuciones hipotecarias a partir de enero de 2018. El estudio dice adem\u00e1s que el 18% de las viviendas en est\u00e1n vacantes como resultado de la prolongada recesi\u00f3n. Ambos datos contratan de manera ir\u00f3nica con el hecho-se denunci\u00f3- de que el n\u00famero de personas sin hogar antes de Mar\u00eda se contabilizaban en 3,500 y luego del hurac\u00e1n el n\u00famero aumento a un m\u00ednimo de 75 mil personas.<\/p>\n<p>&nbsp;<\/p>\n<p>Ante estas circunstancias Pag\u00e1n censur\u00f3 que la respuesta de FEMA ha sido una lenta, no responsiva a las barreras del idioma, ni ha respondido a la situaci\u00f3n particular de que en la isla la mayor parte de las personas carecen de t\u00edtulos formales sobre su propiedad. Precis\u00f3 que el periodo para reclamaciones cerr\u00f3 el 8 de junio y todav\u00eda no se tiene un informe que permita ver el balance de reclamaciones realmente atendidas versus las que quedaron pendientes. Prosigui\u00f3 que uno de los datos que se han levantado (por las organizaciones que ofrecen servicios legales) es que los beneficios que FEMA ha otorgado no son suficientes para reparar las viviendas. La licenciada Pag\u00e1n afirm\u00f3 que el c\u00e1lculo que hace FEMA muchas veces de los da\u00f1os a la propiedad no corresponde con lo que es el costo de reconstruir una casa al d\u00eda de hoy.<\/p>\n<p>&nbsp;<\/p>\n<p>A las denuncias de Pag\u00e1n sobre la actitud de FEMA, la licenciada Ver\u00f3nica Gonz\u00e1lez Rodr\u00edguez, directora de la Cl\u00ednica de Derecho Ambiental de la UIA, a\u00f1adi\u00f3 que la agencia federal est\u00e1 haciendo una falsa interpretaci\u00f3n al rechazar las solicitudes de ayuda para vivienda por falta de t\u00edtulo de propiedad. \u201cLa reglamentaci\u00f3n de FEMA reconoce como un due\u00f1o ocupante a una persona que no tiene t\u00edtulo formal pero que no paga renta y es responsable por el mantenimiento del hogar o los impuestos de la vivienda. Si la persona no tiene t\u00edtulo aun as\u00ed podr\u00eda cualificar para la asistencia, no dar la asistencia es vulnerar y violar el contenido de la reglamentaci\u00f3n de FEMA\u201d, declar\u00f3.<\/p>\n<p>&nbsp;<\/p>\n<p>De igual manera censur\u00f3 que se ha dicho que los fondos de restauraci\u00f3n de vivienda no estar\u00e1n disponibles para personas que su hogar est\u00e9 en un lugar inundable o deslizamiento y que la \u00fanica alternativa es la reubicaci\u00f3n. \u201cEso es cerca de la mitad de la poblaci\u00f3n de Puerto Rico, el 49% de nosotros vivimos en \u00e1reas susceptibles a desplazamientos\u201d, expres\u00f3 al tiempo que reiter\u00f3 que esto es un problema de planificaci\u00f3n y que el tratamiento no ha sido igual para todos los sectores. Record\u00f3 palabras del gobernador en el mes de octubre de que \u2018esa gente no se puede quedar ah\u00ed si vive en un \u00e1rea que es peligrosa\u2019, y compar\u00f3 que ahora mismo la Legislatura est\u00e1 considerando ceder cinco cuerdas de la costa de Carolina al Hotel Mariott.<\/p>\n<p>&nbsp;<\/p>\n<p>La directora de la Cl\u00ednica de Derecho Ambiental de la UIA hizo alusi\u00f3n a la falta de medidas tomadas por el gobierno para la mitigaci\u00f3n del cambio clim\u00e1tico, as\u00ed como la necesidad de una transici\u00f3n de la producci\u00f3n de energ\u00eda por combustible f\u00f3sil a combustibles sostenibles y genuinamente renovables. Uno de los servicios que ha pasado desapercibido dijo es el derecho al agua y revel\u00f3 -seg\u00fan el informe- que a este mes de junio, un 17.4% de la poblaci\u00f3n en la regi\u00f3n norte todav\u00eda no tiene servicio de agua potable.<\/p>\n<p>&nbsp;<\/p>\n<p>M\u00e1s aun dio a conocer que en el primer trimestre de este a\u00f1o la Agencia de Protecci\u00f3n Ambiental (EPA siglas en ingl\u00e9s) encontr\u00f3 77, 382, un 6% m\u00e1s de violaciones a las normas federales de calidad del agua (Safe Drinking Water Act) que para el mismo periodo del 2016. Las violaciones van desde el monitoreo, falta de tomas de muestras, contenido de cobre, plomo y otros elementos de la calidad del agua.<\/p>\n<p>&nbsp;<\/p>\n<p>&nbsp;<\/p>\n<p><strong>La alimentaci\u00f3n<\/strong><\/p>\n<p>En cuanto a la alimentaci\u00f3n la abogada contrast\u00f3 y censur\u00f3 que aun cuando el 80% de la agricultura ha sido afectada la principal fuente de asistencia para la agricultura son prestamos, y en el caso de la agricultura sustentable las ayudas despu\u00e9s del hurac\u00e1n han sido nulas, la mayor parte de la ayuda que ha recibido este \u00faltimo sector ha sido una voluntaria.<\/p>\n<p>&nbsp;<\/p>\n<p>En esa l\u00ednea de la alimentaci\u00f3n Gonz\u00e1lez Rodr\u00edguez expres\u00f3 preocupaci\u00f3n por las personas que dependen del Programa de Asistencia Nutricional (PAN) y que no fue hasta despu\u00e9s de cinco meses del desastre, en febrero que el gobierno de Estados Unidos aprob\u00f3 $1,270 millones para asistencia temporera al PAN. Seg\u00fan el informe de septiembre de 2017 a febrero de 2018 las solicitudes nuevas al PAN sumaban 35 mil.<\/p>\n<p>&nbsp;<\/p>\n<p>&nbsp;<\/p>\n<p><strong>Educaci\u00f3n<\/strong><\/p>\n<p>\u201cLo que hemos visto de diciembre para ac\u00e1 es el desmantelamiento del sistema p\u00fablico de ense\u00f1anza escolar y universitario con el cierre de escuelas y los recortes universitarios que se han anunciado\u201d, denunci\u00f3 la profesora Anita Yudkin Suliveres.<\/p>\n<p>&nbsp;<\/p>\n<p>La profesora gestora de la C\u00e1tedra de la UNESCO declar\u00f3 que no es cierto lo que dice el gobierno de que el cierre de escuelas conlleva mejores servicios para los estudiantes, sino que por el contrario representa una disminuci\u00f3n de la inversi\u00f3n por estudiante de la que se ha tenido hasta hoy, una merma dram\u00e1tica para programas culturales y deportivos lo que afectara principalmente a los estudiantes m\u00e1s pobres y a los estudiantes con diversidad funcional.<\/p>\n<p>&nbsp;<\/p>\n<p>De acuerdo al informe presentado por la coalici\u00f3n el 65% de las escuelas cerradas por el Departamento de Educaci\u00f3n se encuentran en la zona rural, y un 35% en la zona urbana.<\/p>\n<p>&nbsp;<\/p>\n<p>&nbsp;<\/p>\n<p><strong>El acceso a la informaci\u00f3n, libertad de movimiento y expresi\u00f3n<\/strong><\/p>\n<p>Mientras Mari Mari Narv\u00e1ez, portavoz de la organizaci\u00f3n Kil\u00f3metro Cero, denunci\u00f3 la crisis de derechos humanos frente a la pol\u00edtica del gobierno de limitar los espacios democr\u00e1ticos de participaci\u00f3n ciudadana, la poca transparencia en la gesti\u00f3n gubernamental, la falta de acceso a informaci\u00f3n y la negligencia que describi\u00f3 como crasa por parte del gobierno al enfrentar la emergencia. Revel\u00f3 que durante la emergencia el gobierno otorg\u00f3 m\u00e1s de 19 mil contratos,y no se sabe cu\u00e1ntos de estos tienen que ver con la emergencia. \u201cEn este contexto una de las pocas herramientas que tiene la poblaci\u00f3n para expresar su indignaci\u00f3n es la protesta, a la que el estado ha reaccionado con exceso de uso de fuerza, represi\u00f3n, intimidaci\u00f3n, arrestos ilegales, desincentivando que las personas ejerzan uno de sus derechos fundamentales, que es la libertad de expresi\u00f3n\u201d.<\/p>\n<p>&nbsp;<\/p>\n<p>&nbsp;<\/p>\n<p><strong>La gesti\u00f3n comunitaria<\/strong><\/p>\n<p>Modesta Irizarry, l\u00edder comunitaria de Loiza, quien fue una de las deponentes en la vista ante la Corte Interamericana de Derechos Humanos (CIDH), en Washington DC, este pasado mes de diciembre, dio las gracias por esa oportunidad y se\u00f1al\u00f3 que muchas veces se pierde de perspectiva la importancia de la participaci\u00f3n ciudadana en muchos de los proyectos en el pa\u00eds. Reclam\u00f3 que no solo hablaba por Loiza sino por las muchas personas que no ten\u00edan la oportunidad de expresarse, en alusi\u00f3n a la falta de vivienda. Reiter\u00f3 la denuncia de que los fondos de recuperaci\u00f3n para viviendas se dirijan a proyectos que no son para las personas necesitadas mucho menos para la poblaci\u00f3n anciana. \u201cUno se tiene que indignar cuando se ve los proyectos presentados mucho para la zona tur\u00edstica\u201d.<\/p>\n<p>&nbsp;<\/p>\n<p>La l\u00edder comunitaria expres\u00f3 su indignaci\u00f3n con los que niegan que en el pa\u00eds haya pobreza y manifest\u00f3 que todav\u00eda tiene compa\u00f1eras que est\u00e1n repartiendo estufas, neveras, que hacen falta servicios m\u00e9dicos, el cierre de escuelas, e incluso no hay salud mental. \u201cSomos seres humanos, tenemos derecho a la vivienda, tenemos derecho a la salud, tenemos derecho a una buena calidad de vida, a una buena calidad de educaci\u00f3n\u201d.<\/p>\n<p>&nbsp;<\/p>\n<p>Demandas al gobierno de Estados Unidos y Puerto Rico dirigidas a atender las situaciones denunciadas<\/p>\n<p>&nbsp;<\/p>\n<p>&nbsp;<\/p>\n<p><strong>Derecho a Vivienda<\/strong><\/p>\n<p>1-HUD debe contestar formalmente los reclamos de grupos comunitarios del pa\u00eds en cuanto a los fondos CDBG-DR.<\/p>\n<p>&nbsp;<\/p>\n<p>2-Ambos gobiernos deben: Informar qu\u00e9 har\u00e1n con las familias que permanecen en programas de albergue temporero en Puerto Rico y en los EU; Realizar investigaciones completas sobre las denuncias de violencia, acoso, falta de alimentaci\u00f3n, acceso a agua limpia, servicios de salud, y condiciones insalubres en los refugios.<\/p>\n<p>&nbsp;<\/p>\n<p>3) Publicar los planes de mitigaci\u00f3n de da\u00f1os para zonas costeras susceptibles a inundaci\u00f3n y zonas monta\u00f1osas susceptibles a derrumbes o r\u00edos fuera de sus cauces.<\/p>\n<p>&nbsp;<\/p>\n<p>&nbsp;<\/p>\n<p><strong>Derecho a la Educaci\u00f3n<\/strong><\/p>\n<p>1- Asegurar la participaci\u00f3n de los padres, madres y estudiantes en el proceso de reorganizaci\u00f3n escolar.<\/p>\n<p>&nbsp;<\/p>\n<p>2- Detener el cierre indiscriminado de escuelas y atender las necesidades particulares de comunidades y estudiantes, enfatizando en aquellos en mayor vulnerabilidad.<\/p>\n<p>&nbsp;<\/p>\n<p>3- Asegurar la ubicaci\u00f3n adecuada de la ni\u00f1ez con diversidad funcional.<\/p>\n<p>&nbsp;<\/p>\n<p>Derecho de Acceso a la Informaci\u00f3n, Libertad de Movimiento y Expresi\u00f3n<\/p>\n<p>&nbsp;<\/p>\n<p>1- Que se adopte una ley de acceso a la informaci\u00f3n que garantice la transparencia, rendici\u00f3n de cuentas y participaci\u00f3n ciudadana.<\/p>\n<p>&nbsp;<\/p>\n<p>2- Que se ordene la aplicaci\u00f3n de est\u00e1ndares de transparencia y rendici\u00f3n de cuentas a la Junta de Control Fiscal, incluyendo el derecho de acceso a la informaci\u00f3n de rango constitucional que aplica a cualquier otra agencia del gobierno de Puerto Rico.<\/p>\n<p>&nbsp;<\/p>\n<p>3- Que los gobiernos de Puerto Rico y estados Unidos hagan p\u00fablica la informaci\u00f3n sobre: Todas las muertes que ocurrieron a causa de los huracanes y a causa de las fallas en los servicios m\u00e9dicos, el\u00e9ctricos, sociales y de seguridad; y aquellas relacionadas a la falta de agua o al consumo de agua contaminada.<\/p>\n<p>&nbsp;<\/p>\n<p>4- Que ambos gobiernos hagan p\u00fablica toda la informaci\u00f3n sobre contrataciones efectuadas bajo el Estado de Emergencia; la disponibilidad y repartici\u00f3n de ayuda humanitaria; los arrestos ocurridos a ra\u00edz de la implantaci\u00f3n del toque de queda; y el conocimiento que se ten\u00eda previo al paso del hurac\u00e1n Mar\u00eda en relaci\u00f3n a la p\u00e9rdida inminente de electricidad y telecomunicaciones.<\/p>\n<p>&nbsp;<\/p>\n<p>5- Que se investigue y procese a los agentes de la Polic\u00eda que efectuaron arrestos ilegales, discriminatorios y abusivos; y que, se exonere inmediatamente a los j\u00f3venes encausados por ejercer su derecho a la libertad de expresi\u00f3n.<\/p>\n<p>&nbsp;<\/p>\n<p>6- Que se detengan las pr\u00e1cticas de intimidaci\u00f3n y brutalidad policiaca. Incluyendo el uso de gases, spray pimienta, movilizaci\u00f3n excesiva de agentes en manifestaciones, grabaciones de manifestantes, arrestos ilegales, arrestos tipo secuestro, impedir marchas y manifestaciones pac\u00edficas.<\/p>\n<p>&nbsp;<\/p>\n<p>&nbsp;<\/p>\n<p><strong>Derecho a la Protecci\u00f3n Ambiental <\/strong><\/p>\n<p>1- Iniciar inmediatamente la transici\u00f3n a fuentes de energ\u00eda renovable y sustentable. Especial \u00e9nfasis debe ponerse en la creaci\u00f3n de micro-redes comunitarias que propendan a beneficiar a las comunidades en las que se desarrollen.<\/p>\n<p>&nbsp;<\/p>\n<p>2- El gobierno rechazar cualquier proyecto nuevo que genere energ\u00eda con combustibles f\u00f3siles, y debe negarse a renovar los contratos de compra de energ\u00eda para las plantas existentes.<\/p>\n<p>&nbsp;<\/p>\n<p>3- Descartar la incineraci\u00f3n de desperdicios para generar energ\u00eda en Puerto Rico.<\/p>\n<p>&nbsp;<\/p>\n<p>&nbsp;<\/p>\n<p><strong>Derecho al Agua, a la Alimentaci\u00f3n adecuada y a la Agricultura<\/strong><\/p>\n<p>1- Asegurar que existan en las Islas de Puerto Rico, abastos suficientes de agua y alimentos para atender la emergencia.<\/p>\n<p>&nbsp;<\/p>\n<p>2- Cerciorarse de que todas los niveles de gobierno, local, estatal y federal, conozcan su responsabilidad en el proceso de distribuci\u00f3n de agua y alimentos.<\/p>\n<p>&nbsp;<\/p>\n<p>3- Identificar e informar a la poblaci\u00f3n de fuentes inseguras de agua.<\/p>\n","protected":false},"excerpt":{"rendered":"<p>La puesta al d\u00eda del informe, Justicia Ambiental, Desigualdad y Pobreza en Puerto Rico (JADP-PR) a nueve meses del azote del hurac\u00e1n Mar\u00eda, refleja una cr\u00edtica situaci\u00f3n de pobreza en el pa\u00eds, mientras el Gobierno contin\u00faa sin atender las necesidades m\u00e1s urgentes de la poblaci\u00f3n. La denuncia fue lanzada por varias portavoces de una coalici\u00f3n multisectorial adem\u00e1s de anunciar que presentar\u00edan una querella ante la Oficina del Alto Comisionado de la ONU sobre Derechos Humanos, en Ginebra &nbsp; &nbsp; &nbsp; En conferencia de prensa celebrada en la Facultad de Derecho&#8230;<\/p>\n","protected":false},"author":3,"featured_media":29443,"comment_status":"closed","ping_status":"closed","sticky":false,"template":"","format":"standard","meta":[],"categories":[4],"tags":[],"_links":{"self":[{"href":"https:\/\/www.actualidadadiario.com\/index.php\/wp-json\/wp\/v2\/posts\/29442"}],"collection":[{"href":"https:\/\/www.actualidadadiario.com\/index.php\/wp-json\/wp\/v2\/posts"}],"about":[{"href":"https:\/\/www.actualidadadiario.com\/index.php\/wp-json\/wp\/v2\/types\/post"}],"author":[{"embeddable":true,"href":"https:\/\/www.actualidadadiario.com\/index.php\/wp-json\/wp\/v2\/users\/3"}],"replies":[{"embeddable":true,"href":"https:\/\/www.actualidadadiario.com\/index.php\/wp-json\/wp\/v2\/comments?post=29442"}],"version-history":[{"count":1,"href":"https:\/\/www.actualidadadiario.com\/index.php\/wp-json\/wp\/v2\/posts\/29442\/revisions"}],"predecessor-version":[{"id":29444,"href":"https:\/\/www.actualidadadiario.com\/index.php\/wp-json\/wp\/v2\/posts\/29442\/revisions\/29444"}],"wp:featuredmedia":[{"embeddable":true,"href":"https:\/\/www.actualidadadiario.com\/index.php\/wp-json\/wp\/v2\/media\/29443"}],"wp:attachment":[{"href":"https:\/\/www.actualidadadiario.com\/index.php\/wp-json\/wp\/v2\/media?parent=29442"}],"wp:term":[{"taxonomy":"category","embeddable":true,"href":"https:\/\/www.actualidadadiario.com\/index.php\/wp-json\/wp\/v2\/categories?post=29442"},{"taxonomy":"post_tag","embeddable":true,"href":"https:\/\/www.actualidadadiario.com\/index.php\/wp-json\/wp\/v2\/tags?post=29442"}],"curies":[{"name":"wp","href":"https:\/\/api.w.org\/{rel}","templated":true}]}}