{"id":29436,"date":"2018-06-30T12:33:59","date_gmt":"2018-06-30T15:33:59","guid":{"rendered":"https:\/\/www.actualidadadiario.com\/?p=29436"},"modified":"2018-11-06T19:42:44","modified_gmt":"2018-11-06T22:42:44","slug":"el-gobierno-aprobo-la-fusion-entre-cablevision-y-telecom","status":"publish","type":"post","link":"https:\/\/www.actualidadadiario.com\/index.php\/2018\/06\/30\/el-gobierno-aprobo-la-fusion-entre-cablevision-y-telecom\/","title":{"rendered":"El Gobierno aprob\u00f3 la fusi\u00f3n entre Cablevisi\u00f3n y Telecom"},"content":{"rendered":"<p><em><strong>De esta manera, el Grupo Clar\u00edn y la empresa del mexicano David Mart\u00ednez se convierten en un gigante de las telecomunicaciones<\/strong><\/em><\/p>\n<p>&nbsp;<\/p>\n<p>&nbsp;<\/p>\n<p>&nbsp;<\/p>\n<p>El Gobierno aprob\u00f3 este viernes la fusi\u00f3n entre Cablevisi\u00f3n, del Grupo Clar\u00edn, y Telecom, del mexicano David Mart\u00ednez, dando origen a un gigante de las telecomunicaciones con un valor de mercado que ronda los 11.000 millones de d\u00f3lares.<\/p>\n<p>&nbsp;<\/p>\n<p>Para aprobar la operaci\u00f3n, la Comisi\u00f3n de Nacional de Defensa de la Competencia orden\u00f3 la venta de activos en banda ancha fija e impuso obligaciones a Telecom.<\/p>\n<p>&nbsp;<\/p>\n<p>La resoluci\u00f3n de la Secretar\u00eda de Comercio obliga a transferir negocios de banda ancha fija en 28 localidades del interior del pa\u00eds donde la situaci\u00f3n de competencia se podr\u00eda ver afectada, para aprobar la fusi\u00f3n.<\/p>\n<p>&nbsp;<\/p>\n<p>Adem\u00e1s, estipula una demora de entre seis meses y doce meses, seg\u00fan la regi\u00f3n, para que la nueva compa\u00f1\u00eda fusionada pueda brindar sus servicios a trav\u00e9s de la modalidad cu\u00e1druple play.<\/p>\n<p>&nbsp;<\/p>\n<p>Obliga a Telecom a proveer servicios mayoristas de internet residencial mediante una oferta de referencia, para que otros operadores puedan prestar el servicio usando su red.<\/p>\n<p>&nbsp;<\/p>\n<p>Recomienda a la autoridad regulatoria (ENACOM) agilizar la devoluci\u00f3n del excedente de espectro y prohibir su uso por parte de la nueva empresa.<\/p>\n","protected":false},"excerpt":{"rendered":"<p>De esta manera, el Grupo Clar\u00edn y la empresa del mexicano David Mart\u00ednez se convierten en un gigante de las telecomunicaciones &nbsp; &nbsp; &nbsp; El Gobierno aprob\u00f3 este viernes la fusi\u00f3n entre Cablevisi\u00f3n, del Grupo Clar\u00edn, y Telecom, del mexicano David Mart\u00ednez, dando origen a un gigante de las telecomunicaciones con un valor de mercado que ronda los 11.000 millones de d\u00f3lares. &nbsp; Para aprobar la operaci\u00f3n, la Comisi\u00f3n de Nacional de Defensa de la Competencia orden\u00f3 la venta de activos en banda ancha fija e impuso obligaciones a Telecom&#8230;.<\/p>\n","protected":false},"author":3,"featured_media":29437,"comment_status":"closed","ping_status":"closed","sticky":false,"template":"","format":"standard","meta":[],"categories":[9,18],"tags":[],"_links":{"self":[{"href":"https:\/\/www.actualidadadiario.com\/index.php\/wp-json\/wp\/v2\/posts\/29436"}],"collection":[{"href":"https:\/\/www.actualidadadiario.com\/index.php\/wp-json\/wp\/v2\/posts"}],"about":[{"href":"https:\/\/www.actualidadadiario.com\/index.php\/wp-json\/wp\/v2\/types\/post"}],"author":[{"embeddable":true,"href":"https:\/\/www.actualidadadiario.com\/index.php\/wp-json\/wp\/v2\/users\/3"}],"replies":[{"embeddable":true,"href":"https:\/\/www.actualidadadiario.com\/index.php\/wp-json\/wp\/v2\/comments?post=29436"}],"version-history":[{"count":1,"href":"https:\/\/www.actualidadadiario.com\/index.php\/wp-json\/wp\/v2\/posts\/29436\/revisions"}],"predecessor-version":[{"id":29438,"href":"https:\/\/www.actualidadadiario.com\/index.php\/wp-json\/wp\/v2\/posts\/29436\/revisions\/29438"}],"wp:featuredmedia":[{"embeddable":true,"href":"https:\/\/www.actualidadadiario.com\/index.php\/wp-json\/wp\/v2\/media\/29437"}],"wp:attachment":[{"href":"https:\/\/www.actualidadadiario.com\/index.php\/wp-json\/wp\/v2\/media?parent=29436"}],"wp:term":[{"taxonomy":"category","embeddable":true,"href":"https:\/\/www.actualidadadiario.com\/index.php\/wp-json\/wp\/v2\/categories?post=29436"},{"taxonomy":"post_tag","embeddable":true,"href":"https:\/\/www.actualidadadiario.com\/index.php\/wp-json\/wp\/v2\/tags?post=29436"}],"curies":[{"name":"wp","href":"https:\/\/api.w.org\/{rel}","templated":true}]}}